{"id":2646,"date":"2015-09-09T16:42:11","date_gmt":"2015-09-09T14:42:11","guid":{"rendered":"https:\/\/anecoop.com\/tres-medallas-de-oro-y-dos-de-plata-para-anecoop-bodegas-en-mundus-vini\/"},"modified":"2025-09-03T18:01:28","modified_gmt":"2025-09-03T16:01:28","slug":"tres-medallas-de-oro-y-dos-de-plata-para-anecoop-bodegas-en-mundus-vini","status":"publish","type":"post","link":"https:\/\/anecoop.com\/de\/sala-de-prensa\/tres-medallas-de-oro-y-dos-de-plata-para-anecoop-bodegas-en-mundus-vini\/","title":{"rendered":"Tres medallas de oro y dos de plata para Anecoop Bodegas en Mundus Vini"},"content":{"rendered":"<h2 style=\"text-align: left;\">TRES MEDALLAS DE ORO Y DOS DE PLATA PARA ANECOOP BODEGAS EN MUNDUS VINI<\/h2>\n<p style=\"text-align: justify;\"><strong>11\/09\/2015.-<\/strong> Anecoop Bodegas ha obtenido tres medallas de oro y una de plata en la edici\u00f3n de verano del concurso Mundus Vini, que se celebra desde 2001 en Alemania.<\/p>\n<p style=\"text-align: justify;\">Los vinos premiados con medalla de oro han sido los tintos <strong><em>Venta del Puerto N\u00ba12 2012<\/em><\/strong>, <strong><em>Venta del Puerto N\u00ba18 2011<\/em><\/strong> y <strong><em>Casa l\u2019\u00c1ngel Cepas Viejas 2011<\/em><\/strong>. Por su parte, ha obtenido medalla de plata el blanco <strong><em>Juan de Juanes Vendimia Bronce 2014<\/em><\/strong>. Todos los vinos han sido elaborados por Bodega La Vi\u00f1a de La Font de la Figuera.<\/p>\n<p style=\"text-align: justify;\">Mundus Vini se celebra dos veces al a\u00f1o, una en agosto como cata de verano, con motivo del final de la campa\u00f1a comercial e inicio de las ferias de oto\u00f1o, y otra en febrero con antelaci\u00f3n a la feria Prowein, como cata de primavera.<\/p>\n<p style=\"text-align: justify;\">En las \u00faltimas ediciones del concurso, han participado m\u00e1s de 6.000 vinos de distintos pa\u00edses.<\/p>\n","protected":false},"excerpt":{"rendered":"<p>Anecoop Bodegas ha obtenido tres medallas de oro y una de plata en la edici\u00f3n de verano del concurso Mundus Vini, que se celebra desde 2001 en Alemania.<\/p>\n","protected":false},"author":4,"featured_media":1702,"comment_status":"open","ping_status":"closed","sticky":false,"template":"","format":"standard","meta":{"_acf_changed":false,"footnotes":""},"categories":[3],"tags":[],"class_list":["post-2646","post","type-post","status-publish","format-standard","has-post-thumbnail","hentry","category-nicht-kategorisiert"],"acf":[],"yoast_head":"<!-- This site is optimized with the Yoast SEO plugin v27.3 - https:\/\/yoast.com\/product\/yoast-seo-wordpress\/ -->\n<title>Tres medallas de oro y dos de plata para Anecoop Bodegas en Mundus Vini - Anecoop<\/title>\n<meta name=\"robots\" content=\"index, follow, max-snippet:-1, max-image-preview:large, max-video-preview:-1\" \/>\n<link rel=\"canonical\" href=\"https:\/\/anecoop.com\/de\/sala-de-prensa\/tres-medallas-de-oro-y-dos-de-plata-para-anecoop-bodegas-en-mundus-vini\/\" \/>\n<meta property=\"og:locale\" content=\"de_DE\" \/>\n<meta property=\"og:type\" content=\"article\" \/>\n<meta property=\"og:title\" content=\"Tres medallas de oro y dos de plata para Anecoop Bodegas en Mundus Vini - Anecoop\" \/>\n<meta property=\"og:description\" content=\"Anecoop Bodegas ha obtenido tres medallas de oro y una de plata en la edici\u00f3n de verano del concurso Mundus Vini, que se celebra desde 2001 en Alemania.\" \/>\n<meta property=\"og:url\" content=\"https:\/\/anecoop.com\/de\/sala-de-prensa\/tres-medallas-de-oro-y-dos-de-plata-para-anecoop-bodegas-en-mundus-vini\/\" \/>\n<meta property=\"og:site_name\" content=\"Anecoop\" \/>\n<meta property=\"article:published_time\" content=\"2015-09-09T14:42:11+00:00\" \/>\n<meta property=\"article:modified_time\" content=\"2025-09-03T16:01:28+00:00\" \/>\n<meta property=\"og:image\" content=\"https:\/\/anecoop.com\/wp-content\/uploads\/2025\/09\/concurso-mundus-vini-2-scaled.jpg\" \/>\n\t<meta property=\"og:image:width\" content=\"2560\" \/>\n\t<meta property=\"og:image:height\" content=\"1706\" \/>\n\t<meta property=\"og:image:type\" content=\"image\/jpeg\" \/>\n<meta name=\"author\" content=\"Anecoop\" \/>\n<meta name=\"twitter:card\" content=\"summary_large_image\" \/>\n<meta name=\"twitter:label1\" content=\"Written by\" \/>\n\t<meta name=\"twitter:data1\" content=\"Anecoop\" \/>\n\t<meta name=\"twitter:label2\" content=\"Est. reading time\" \/>\n\t<meta name=\"twitter:data2\" content=\"1 minute\" \/>\n<script type=\"application\/ld+json\" class=\"yoast-schema-graph\">{\"@context\":\"https:\\\/\\\/schema.org\",\"@graph\":[{\"@type\":\"Article\",\"@id\":\"https:\\\/\\\/anecoop.com\\\/de\\\/sala-de-prensa\\\/tres-medallas-de-oro-y-dos-de-plata-para-anecoop-bodegas-en-mundus-vini\\\/#article\",\"isPartOf\":{\"@id\":\"https:\\\/\\\/anecoop.com\\\/de\\\/sala-de-prensa\\\/tres-medallas-de-oro-y-dos-de-plata-para-anecoop-bodegas-en-mundus-vini\\\/\"},\"author\":{\"name\":\"Anecoop\",\"@id\":\"https:\\\/\\\/anecoop.com\\\/de\\\/#\\\/schema\\\/person\\\/7b64504b75e9c1cbae3e67d3bd18dd2f\"},\"headline\":\"Tres medallas de oro y dos de plata para Anecoop Bodegas en Mundus Vini\",\"datePublished\":\"2015-09-09T14:42:11+00:00\",\"dateModified\":\"2025-09-03T16:01:28+00:00\",\"mainEntityOfPage\":{\"@id\":\"https:\\\/\\\/anecoop.com\\\/de\\\/sala-de-prensa\\\/tres-medallas-de-oro-y-dos-de-plata-para-anecoop-bodegas-en-mundus-vini\\\/\"},\"wordCount\":178,\"commentCount\":0,\"publisher\":{\"@id\":\"https:\\\/\\\/anecoop.com\\\/de\\\/#organization\"},\"image\":{\"@id\":\"https:\\\/\\\/anecoop.com\\\/de\\\/sala-de-prensa\\\/tres-medallas-de-oro-y-dos-de-plata-para-anecoop-bodegas-en-mundus-vini\\\/#primaryimage\"},\"thumbnailUrl\":\"https:\\\/\\\/anecoop.com\\\/wp-content\\\/uploads\\\/2025\\\/09\\\/concurso-mundus-vini-2-scaled.jpg\",\"articleSection\":[\"Nicht kategorisiert\"],\"inLanguage\":\"de-DE\",\"potentialAction\":[{\"@type\":\"CommentAction\",\"name\":\"Comment\",\"target\":[\"https:\\\/\\\/anecoop.com\\\/de\\\/sala-de-prensa\\\/tres-medallas-de-oro-y-dos-de-plata-para-anecoop-bodegas-en-mundus-vini\\\/#respond\"]}]},{\"@type\":\"WebPage\",\"@id\":\"https:\\\/\\\/anecoop.com\\\/de\\\/sala-de-prensa\\\/tres-medallas-de-oro-y-dos-de-plata-para-anecoop-bodegas-en-mundus-vini\\\/\",\"url\":\"https:\\\/\\\/anecoop.com\\\/de\\\/sala-de-prensa\\\/tres-medallas-de-oro-y-dos-de-plata-para-anecoop-bodegas-en-mundus-vini\\\/\",\"name\":\"Tres medallas de oro y dos de plata para Anecoop Bodegas en Mundus Vini - Anecoop\",\"isPartOf\":{\"@id\":\"https:\\\/\\\/anecoop.com\\\/de\\\/#website\"},\"primaryImageOfPage\":{\"@id\":\"https:\\\/\\\/anecoop.com\\\/de\\\/sala-de-prensa\\\/tres-medallas-de-oro-y-dos-de-plata-para-anecoop-bodegas-en-mundus-vini\\\/#primaryimage\"},\"image\":{\"@id\":\"https:\\\/\\\/anecoop.com\\\/de\\\/sala-de-prensa\\\/tres-medallas-de-oro-y-dos-de-plata-para-anecoop-bodegas-en-mundus-vini\\\/#primaryimage\"},\"thumbnailUrl\":\"https:\\\/\\\/anecoop.com\\\/wp-content\\\/uploads\\\/2025\\\/09\\\/concurso-mundus-vini-2-scaled.jpg\",\"datePublished\":\"2015-09-09T14:42:11+00:00\",\"dateModified\":\"2025-09-03T16:01:28+00:00\",\"breadcrumb\":{\"@id\":\"https:\\\/\\\/anecoop.com\\\/de\\\/sala-de-prensa\\\/tres-medallas-de-oro-y-dos-de-plata-para-anecoop-bodegas-en-mundus-vini\\\/#breadcrumb\"},\"inLanguage\":\"de-DE\",\"potentialAction\":[{\"@type\":\"ReadAction\",\"target\":[\"https:\\\/\\\/anecoop.com\\\/de\\\/sala-de-prensa\\\/tres-medallas-de-oro-y-dos-de-plata-para-anecoop-bodegas-en-mundus-vini\\\/\"]}]},{\"@type\":\"ImageObject\",\"inLanguage\":\"de-DE\",\"@id\":\"https:\\\/\\\/anecoop.com\\\/de\\\/sala-de-prensa\\\/tres-medallas-de-oro-y-dos-de-plata-para-anecoop-bodegas-en-mundus-vini\\\/#primaryimage\",\"url\":\"https:\\\/\\\/anecoop.com\\\/wp-content\\\/uploads\\\/2025\\\/09\\\/concurso-mundus-vini-2-scaled.jpg\",\"contentUrl\":\"https:\\\/\\\/anecoop.com\\\/wp-content\\\/uploads\\\/2025\\\/09\\\/concurso-mundus-vini-2-scaled.jpg\",\"width\":2560,\"height\":1706},{\"@type\":\"BreadcrumbList\",\"@id\":\"https:\\\/\\\/anecoop.com\\\/de\\\/sala-de-prensa\\\/tres-medallas-de-oro-y-dos-de-plata-para-anecoop-bodegas-en-mundus-vini\\\/#breadcrumb\",\"itemListElement\":[{\"@type\":\"ListItem\",\"position\":1,\"name\":\"Portada\",\"item\":\"https:\\\/\\\/anecoop.com\\\/de\\\/\"},{\"@type\":\"ListItem\",\"position\":2,\"name\":\"Tres medallas de oro y dos de plata para Anecoop Bodegas en Mundus Vini\"}]},{\"@type\":\"WebSite\",\"@id\":\"https:\\\/\\\/anecoop.com\\\/de\\\/#website\",\"url\":\"https:\\\/\\\/anecoop.com\\\/de\\\/\",\"name\":\"Anecoop\",\"description\":\"Anecoop, la primera empresa hortofrut\u00edcola del mediterr\u00e1neo\",\"publisher\":{\"@id\":\"https:\\\/\\\/anecoop.com\\\/de\\\/#organization\"},\"potentialAction\":[{\"@type\":\"SearchAction\",\"target\":{\"@type\":\"EntryPoint\",\"urlTemplate\":\"https:\\\/\\\/anecoop.com\\\/de\\\/?s={search_term_string}\"},\"query-input\":{\"@type\":\"PropertyValueSpecification\",\"valueRequired\":true,\"valueName\":\"search_term_string\"}}],\"inLanguage\":\"de-DE\"},{\"@type\":\"Organization\",\"@id\":\"https:\\\/\\\/anecoop.com\\\/de\\\/#organization\",\"name\":\"Anecoop\",\"url\":\"https:\\\/\\\/anecoop.com\\\/de\\\/\",\"logo\":{\"@type\":\"ImageObject\",\"inLanguage\":\"de-DE\",\"@id\":\"https:\\\/\\\/anecoop.com\\\/de\\\/#\\\/schema\\\/logo\\\/image\\\/\",\"url\":\"https:\\\/\\\/anecoop.com\\\/wp-content\\\/uploads\\\/2026\\\/03\\\/HOME-LOGO-DORADO-CENTRAL.webp\",\"contentUrl\":\"https:\\\/\\\/anecoop.com\\\/wp-content\\\/uploads\\\/2026\\\/03\\\/HOME-LOGO-DORADO-CENTRAL.webp\",\"width\":342,\"height\":304,\"caption\":\"Anecoop\"},\"image\":{\"@id\":\"https:\\\/\\\/anecoop.com\\\/de\\\/#\\\/schema\\\/logo\\\/image\\\/\"}},{\"@type\":\"Person\",\"@id\":\"https:\\\/\\\/anecoop.com\\\/de\\\/#\\\/schema\\\/person\\\/7b64504b75e9c1cbae3e67d3bd18dd2f\",\"name\":\"Anecoop\",\"image\":{\"@type\":\"ImageObject\",\"inLanguage\":\"de-DE\",\"@id\":\"https:\\\/\\\/secure.gravatar.com\\\/avatar\\\/eb8b27e356d3618b05b67e6e501be73ba11be250334baf9d5254875b60abe619?s=96&d=mm&r=g\",\"url\":\"https:\\\/\\\/secure.gravatar.com\\\/avatar\\\/eb8b27e356d3618b05b67e6e501be73ba11be250334baf9d5254875b60abe619?s=96&d=mm&r=g\",\"contentUrl\":\"https:\\\/\\\/secure.gravatar.com\\\/avatar\\\/eb8b27e356d3618b05b67e6e501be73ba11be250334baf9d5254875b60abe619?s=96&d=mm&r=g\",\"caption\":\"Anecoop\"}}]}<\/script>\n<!-- \/ Yoast SEO plugin. -->","yoast_head_json":{"title":"Tres medallas de oro y dos de plata para Anecoop Bodegas en Mundus Vini - Anecoop","robots":{"index":"index","follow":"follow","max-snippet":"max-snippet:-1","max-image-preview":"max-image-preview:large","max-video-preview":"max-video-preview:-1"},"canonical":"https:\/\/anecoop.com\/de\/sala-de-prensa\/tres-medallas-de-oro-y-dos-de-plata-para-anecoop-bodegas-en-mundus-vini\/","og_locale":"de_DE","og_type":"article","og_title":"Tres medallas de oro y dos de plata para Anecoop Bodegas en Mundus Vini - Anecoop","og_description":"Anecoop Bodegas ha obtenido tres medallas de oro y una de plata en la edici\u00f3n de verano del concurso Mundus Vini, que se celebra desde 2001 en Alemania.","og_url":"https:\/\/anecoop.com\/de\/sala-de-prensa\/tres-medallas-de-oro-y-dos-de-plata-para-anecoop-bodegas-en-mundus-vini\/","og_site_name":"Anecoop","article_published_time":"2015-09-09T14:42:11+00:00","article_modified_time":"2025-09-03T16:01:28+00:00","og_image":[{"width":2560,"height":1706,"url":"https:\/\/anecoop.com\/wp-content\/uploads\/2025\/09\/concurso-mundus-vini-2-scaled.jpg","type":"image\/jpeg"}],"author":"Anecoop","twitter_card":"summary_large_image","twitter_misc":{"Written by":"Anecoop","Est. reading time":"1 minute"},"schema":{"@context":"https:\/\/schema.org","@graph":[{"@type":"Article","@id":"https:\/\/anecoop.com\/de\/sala-de-prensa\/tres-medallas-de-oro-y-dos-de-plata-para-anecoop-bodegas-en-mundus-vini\/#article","isPartOf":{"@id":"https:\/\/anecoop.com\/de\/sala-de-prensa\/tres-medallas-de-oro-y-dos-de-plata-para-anecoop-bodegas-en-mundus-vini\/"},"author":{"name":"Anecoop","@id":"https:\/\/anecoop.com\/de\/#\/schema\/person\/7b64504b75e9c1cbae3e67d3bd18dd2f"},"headline":"Tres medallas de oro y dos de plata para Anecoop Bodegas en Mundus Vini","datePublished":"2015-09-09T14:42:11+00:00","dateModified":"2025-09-03T16:01:28+00:00","mainEntityOfPage":{"@id":"https:\/\/anecoop.com\/de\/sala-de-prensa\/tres-medallas-de-oro-y-dos-de-plata-para-anecoop-bodegas-en-mundus-vini\/"},"wordCount":178,"commentCount":0,"publisher":{"@id":"https:\/\/anecoop.com\/de\/#organization"},"image":{"@id":"https:\/\/anecoop.com\/de\/sala-de-prensa\/tres-medallas-de-oro-y-dos-de-plata-para-anecoop-bodegas-en-mundus-vini\/#primaryimage"},"thumbnailUrl":"https:\/\/anecoop.com\/wp-content\/uploads\/2025\/09\/concurso-mundus-vini-2-scaled.jpg","articleSection":["Nicht kategorisiert"],"inLanguage":"de-DE","potentialAction":[{"@type":"CommentAction","name":"Comment","target":["https:\/\/anecoop.com\/de\/sala-de-prensa\/tres-medallas-de-oro-y-dos-de-plata-para-anecoop-bodegas-en-mundus-vini\/#respond"]}]},{"@type":"WebPage","@id":"https:\/\/anecoop.com\/de\/sala-de-prensa\/tres-medallas-de-oro-y-dos-de-plata-para-anecoop-bodegas-en-mundus-vini\/","url":"https:\/\/anecoop.com\/de\/sala-de-prensa\/tres-medallas-de-oro-y-dos-de-plata-para-anecoop-bodegas-en-mundus-vini\/","name":"Tres medallas de oro y dos de plata para Anecoop Bodegas en Mundus Vini - Anecoop","isPartOf":{"@id":"https:\/\/anecoop.com\/de\/#website"},"primaryImageOfPage":{"@id":"https:\/\/anecoop.com\/de\/sala-de-prensa\/tres-medallas-de-oro-y-dos-de-plata-para-anecoop-bodegas-en-mundus-vini\/#primaryimage"},"image":{"@id":"https:\/\/anecoop.com\/de\/sala-de-prensa\/tres-medallas-de-oro-y-dos-de-plata-para-anecoop-bodegas-en-mundus-vini\/#primaryimage"},"thumbnailUrl":"https:\/\/anecoop.com\/wp-content\/uploads\/2025\/09\/concurso-mundus-vini-2-scaled.jpg","datePublished":"2015-09-09T14:42:11+00:00","dateModified":"2025-09-03T16:01:28+00:00","breadcrumb":{"@id":"https:\/\/anecoop.com\/de\/sala-de-prensa\/tres-medallas-de-oro-y-dos-de-plata-para-anecoop-bodegas-en-mundus-vini\/#breadcrumb"},"inLanguage":"de-DE","potentialAction":[{"@type":"ReadAction","target":["https:\/\/anecoop.com\/de\/sala-de-prensa\/tres-medallas-de-oro-y-dos-de-plata-para-anecoop-bodegas-en-mundus-vini\/"]}]},{"@type":"ImageObject","inLanguage":"de-DE","@id":"https:\/\/anecoop.com\/de\/sala-de-prensa\/tres-medallas-de-oro-y-dos-de-plata-para-anecoop-bodegas-en-mundus-vini\/#primaryimage","url":"https:\/\/anecoop.com\/wp-content\/uploads\/2025\/09\/concurso-mundus-vini-2-scaled.jpg","contentUrl":"https:\/\/anecoop.com\/wp-content\/uploads\/2025\/09\/concurso-mundus-vini-2-scaled.jpg","width":2560,"height":1706},{"@type":"BreadcrumbList","@id":"https:\/\/anecoop.com\/de\/sala-de-prensa\/tres-medallas-de-oro-y-dos-de-plata-para-anecoop-bodegas-en-mundus-vini\/#breadcrumb","itemListElement":[{"@type":"ListItem","position":1,"name":"Portada","item":"https:\/\/anecoop.com\/de\/"},{"@type":"ListItem","position":2,"name":"Tres medallas de oro y dos de plata para Anecoop Bodegas en Mundus Vini"}]},{"@type":"WebSite","@id":"https:\/\/anecoop.com\/de\/#website","url":"https:\/\/anecoop.com\/de\/","name":"Anecoop","description":"Anecoop, la primera empresa hortofrut\u00edcola del mediterr\u00e1neo","publisher":{"@id":"https:\/\/anecoop.com\/de\/#organization"},"potentialAction":[{"@type":"SearchAction","target":{"@type":"EntryPoint","urlTemplate":"https:\/\/anecoop.com\/de\/?s={search_term_string}"},"query-input":{"@type":"PropertyValueSpecification","valueRequired":true,"valueName":"search_term_string"}}],"inLanguage":"de-DE"},{"@type":"Organization","@id":"https:\/\/anecoop.com\/de\/#organization","name":"Anecoop","url":"https:\/\/anecoop.com\/de\/","logo":{"@type":"ImageObject","inLanguage":"de-DE","@id":"https:\/\/anecoop.com\/de\/#\/schema\/logo\/image\/","url":"https:\/\/anecoop.com\/wp-content\/uploads\/2026\/03\/HOME-LOGO-DORADO-CENTRAL.webp","contentUrl":"https:\/\/anecoop.com\/wp-content\/uploads\/2026\/03\/HOME-LOGO-DORADO-CENTRAL.webp","width":342,"height":304,"caption":"Anecoop"},"image":{"@id":"https:\/\/anecoop.com\/de\/#\/schema\/logo\/image\/"}},{"@type":"Person","@id":"https:\/\/anecoop.com\/de\/#\/schema\/person\/7b64504b75e9c1cbae3e67d3bd18dd2f","name":"Anecoop","image":{"@type":"ImageObject","inLanguage":"de-DE","@id":"https:\/\/secure.gravatar.com\/avatar\/eb8b27e356d3618b05b67e6e501be73ba11be250334baf9d5254875b60abe619?s=96&d=mm&r=g","url":"https:\/\/secure.gravatar.com\/avatar\/eb8b27e356d3618b05b67e6e501be73ba11be250334baf9d5254875b60abe619?s=96&d=mm&r=g","contentUrl":"https:\/\/secure.gravatar.com\/avatar\/eb8b27e356d3618b05b67e6e501be73ba11be250334baf9d5254875b60abe619?s=96&d=mm&r=g","caption":"Anecoop"}}]}},"_links":{"self":[{"href":"https:\/\/anecoop.com\/de\/wp-json\/wp\/v2\/posts\/2646","targetHints":{"allow":["GET"]}}],"collection":[{"href":"https:\/\/anecoop.com\/de\/wp-json\/wp\/v2\/posts"}],"about":[{"href":"https:\/\/anecoop.com\/de\/wp-json\/wp\/v2\/types\/post"}],"author":[{"embeddable":true,"href":"https:\/\/anecoop.com\/de\/wp-json\/wp\/v2\/users\/4"}],"replies":[{"embeddable":true,"href":"https:\/\/anecoop.com\/de\/wp-json\/wp\/v2\/comments?post=2646"}],"version-history":[{"count":0,"href":"https:\/\/anecoop.com\/de\/wp-json\/wp\/v2\/posts\/2646\/revisions"}],"wp:featuredmedia":[{"embeddable":true,"href":"https:\/\/anecoop.com\/de\/wp-json\/wp\/v2\/media\/1702"}],"wp:attachment":[{"href":"https:\/\/anecoop.com\/de\/wp-json\/wp\/v2\/media?parent=2646"}],"wp:term":[{"taxonomy":"category","embeddable":true,"href":"https:\/\/anecoop.com\/de\/wp-json\/wp\/v2\/categories?post=2646"},{"taxonomy":"post_tag","embeddable":true,"href":"https:\/\/anecoop.com\/de\/wp-json\/wp\/v2\/tags?post=2646"}],"curies":[{"name":"wp","href":"https:\/\/api.w.org\/{rel}","templated":true}]}}