{"id":2648,"date":"2015-05-11T15:19:58","date_gmt":"2015-05-11T13:19:58","guid":{"rendered":"https:\/\/anecoop.com\/jornadas-de-la-granada-en-la-escuela-de-hosteleria-de-denia\/"},"modified":"2025-09-03T18:01:30","modified_gmt":"2025-09-03T16:01:30","slug":"jornadas-de-la-granada-en-la-escuela-de-hosteleria-de-denia","status":"publish","type":"post","link":"https:\/\/anecoop.com\/de\/sala-de-prensa\/jornadas-de-la-granada-en-la-escuela-de-hosteleria-de-denia\/","title":{"rendered":"Jornadas de la Granada en la escuela de Hosteler\u00eda de Denia"},"content":{"rendered":"<h2 style=\"text-align: left;\">JORNADAS DE LA GRANADA EN LA ESCUELA DE HOSTELER\u00cdA DE DENIA<\/h2>\n<p style=\"text-align: justify;\"><strong>05\/11\/2015.-<\/strong> El pasado 4 de noviembre, los alumnos del\u00a0<strong>Departamento de Hosteler\u00eda y Turismo del IES Mar\u00eda Ibars de Denia<\/strong>, elaboraron un men\u00fa completo con la\u00a0<strong>granada<\/strong>\u00a0como protagonista. El men\u00fa estaba compuesto por cinco platos en los que se trabaj\u00f3 y utiliz\u00f3 la granada en distintas texturas e intensidades para potenciar el sabor de los platos. Pescado, carne, vegetales o dulces, nada se le resiste a esta exquisita fruta.<\/p>\n<p style=\"text-align: justify;\">Esta actividad se enmarca dentro de las acciones de marketing desarrolladas por <strong>Cooperatives Agroaliment\u00e0ries de la Comunitat Valenciana<\/strong> para promocionar los productos valencianos. En este caso, a trav\u00e9s de acuerdos de colaboraci\u00f3n con diversas escuelas de hosteler\u00eda de la Comunitat en un programa conjunto de formaci\u00f3n y promoci\u00f3n.<\/p>\n<p style=\"text-align: justify;\">Anecoop y sus cooperativas socias productoras de granada participan en este programa a trav\u00e9s del <strong>Grupo Granada<\/strong>, un proyecto conjunto que coordina Cooperatives Agroaliment\u00e0ries, cuyo\u00a0objetivo es trabajar en la ampliaci\u00f3n de la oferta y el calendario varietal, velando por un est\u00e1ndar de calidad y ordenando y optimizando la producci\u00f3n<\/p>\n","protected":false},"excerpt":{"rendered":"<p>El pasado 4 de noviembre, los alumnos del Departamento de Hosteler\u00eda y Turismo del IES Mar\u00eda Ibars de D\u00e9nia<\/p>\n","protected":false},"author":4,"featured_media":1706,"comment_status":"open","ping_status":"closed","sticky":false,"template":"","format":"standard","meta":{"_acf_changed":false,"footnotes":""},"categories":[3],"tags":[],"class_list":["post-2648","post","type-post","status-publish","format-standard","has-post-thumbnail","hentry","category-nicht-kategorisiert"],"acf":[],"yoast_head":"<!-- This site is optimized with the Yoast SEO plugin v27.3 - https:\/\/yoast.com\/product\/yoast-seo-wordpress\/ -->\n<title>Jornadas de la Granada en la escuela de Hosteler\u00eda de Denia - Anecoop<\/title>\n<meta name=\"robots\" content=\"index, follow, max-snippet:-1, max-image-preview:large, max-video-preview:-1\" \/>\n<link rel=\"canonical\" href=\"https:\/\/anecoop.com\/de\/sala-de-prensa\/jornadas-de-la-granada-en-la-escuela-de-hosteleria-de-denia\/\" \/>\n<meta property=\"og:locale\" content=\"de_DE\" \/>\n<meta property=\"og:type\" content=\"article\" \/>\n<meta property=\"og:title\" content=\"Jornadas de la Granada en la escuela de Hosteler\u00eda de Denia - Anecoop\" \/>\n<meta property=\"og:description\" content=\"El pasado 4 de noviembre, los alumnos del Departamento de Hosteler\u00eda y Turismo del IES Mar\u00eda Ibars de D\u00e9nia\" \/>\n<meta property=\"og:url\" content=\"https:\/\/anecoop.com\/de\/sala-de-prensa\/jornadas-de-la-granada-en-la-escuela-de-hosteleria-de-denia\/\" \/>\n<meta property=\"og:site_name\" content=\"Anecoop\" \/>\n<meta property=\"article:published_time\" content=\"2015-05-11T13:19:58+00:00\" \/>\n<meta property=\"article:modified_time\" content=\"2025-09-03T16:01:30+00:00\" \/>\n<meta property=\"og:image\" content=\"https:\/\/anecoop.com\/wp-content\/uploads\/2025\/09\/jornada-gastronomica-escuela-hosteleria-1.jpg\" \/>\n\t<meta property=\"og:image:width\" content=\"766\" \/>\n\t<meta property=\"og:image:height\" content=\"530\" \/>\n\t<meta property=\"og:image:type\" content=\"image\/jpeg\" \/>\n<meta name=\"author\" content=\"Anecoop\" \/>\n<meta name=\"twitter:card\" content=\"summary_large_image\" \/>\n<meta name=\"twitter:label1\" content=\"Written by\" \/>\n\t<meta name=\"twitter:data1\" content=\"Anecoop\" \/>\n\t<meta name=\"twitter:label2\" content=\"Est. reading time\" \/>\n\t<meta name=\"twitter:data2\" content=\"1 minute\" \/>\n<script type=\"application\/ld+json\" class=\"yoast-schema-graph\">{\"@context\":\"https:\\\/\\\/schema.org\",\"@graph\":[{\"@type\":\"Article\",\"@id\":\"https:\\\/\\\/anecoop.com\\\/de\\\/sala-de-prensa\\\/jornadas-de-la-granada-en-la-escuela-de-hosteleria-de-denia\\\/#article\",\"isPartOf\":{\"@id\":\"https:\\\/\\\/anecoop.com\\\/de\\\/sala-de-prensa\\\/jornadas-de-la-granada-en-la-escuela-de-hosteleria-de-denia\\\/\"},\"author\":{\"name\":\"Anecoop\",\"@id\":\"https:\\\/\\\/anecoop.com\\\/de\\\/#\\\/schema\\\/person\\\/7b64504b75e9c1cbae3e67d3bd18dd2f\"},\"headline\":\"Jornadas de la Granada en la escuela de Hosteler\u00eda de Denia\",\"datePublished\":\"2015-05-11T13:19:58+00:00\",\"dateModified\":\"2025-09-03T16:01:30+00:00\",\"mainEntityOfPage\":{\"@id\":\"https:\\\/\\\/anecoop.com\\\/de\\\/sala-de-prensa\\\/jornadas-de-la-granada-en-la-escuela-de-hosteleria-de-denia\\\/\"},\"wordCount\":204,\"commentCount\":0,\"publisher\":{\"@id\":\"https:\\\/\\\/anecoop.com\\\/de\\\/#organization\"},\"image\":{\"@id\":\"https:\\\/\\\/anecoop.com\\\/de\\\/sala-de-prensa\\\/jornadas-de-la-granada-en-la-escuela-de-hosteleria-de-denia\\\/#primaryimage\"},\"thumbnailUrl\":\"https:\\\/\\\/anecoop.com\\\/wp-content\\\/uploads\\\/2025\\\/09\\\/jornada-gastronomica-escuela-hosteleria-1.jpg\",\"articleSection\":[\"Nicht kategorisiert\"],\"inLanguage\":\"de-DE\",\"potentialAction\":[{\"@type\":\"CommentAction\",\"name\":\"Comment\",\"target\":[\"https:\\\/\\\/anecoop.com\\\/de\\\/sala-de-prensa\\\/jornadas-de-la-granada-en-la-escuela-de-hosteleria-de-denia\\\/#respond\"]}]},{\"@type\":\"WebPage\",\"@id\":\"https:\\\/\\\/anecoop.com\\\/de\\\/sala-de-prensa\\\/jornadas-de-la-granada-en-la-escuela-de-hosteleria-de-denia\\\/\",\"url\":\"https:\\\/\\\/anecoop.com\\\/de\\\/sala-de-prensa\\\/jornadas-de-la-granada-en-la-escuela-de-hosteleria-de-denia\\\/\",\"name\":\"Jornadas de la Granada en la escuela de Hosteler\u00eda de Denia - Anecoop\",\"isPartOf\":{\"@id\":\"https:\\\/\\\/anecoop.com\\\/de\\\/#website\"},\"primaryImageOfPage\":{\"@id\":\"https:\\\/\\\/anecoop.com\\\/de\\\/sala-de-prensa\\\/jornadas-de-la-granada-en-la-escuela-de-hosteleria-de-denia\\\/#primaryimage\"},\"image\":{\"@id\":\"https:\\\/\\\/anecoop.com\\\/de\\\/sala-de-prensa\\\/jornadas-de-la-granada-en-la-escuela-de-hosteleria-de-denia\\\/#primaryimage\"},\"thumbnailUrl\":\"https:\\\/\\\/anecoop.com\\\/wp-content\\\/uploads\\\/2025\\\/09\\\/jornada-gastronomica-escuela-hosteleria-1.jpg\",\"datePublished\":\"2015-05-11T13:19:58+00:00\",\"dateModified\":\"2025-09-03T16:01:30+00:00\",\"breadcrumb\":{\"@id\":\"https:\\\/\\\/anecoop.com\\\/de\\\/sala-de-prensa\\\/jornadas-de-la-granada-en-la-escuela-de-hosteleria-de-denia\\\/#breadcrumb\"},\"inLanguage\":\"de-DE\",\"potentialAction\":[{\"@type\":\"ReadAction\",\"target\":[\"https:\\\/\\\/anecoop.com\\\/de\\\/sala-de-prensa\\\/jornadas-de-la-granada-en-la-escuela-de-hosteleria-de-denia\\\/\"]}]},{\"@type\":\"ImageObject\",\"inLanguage\":\"de-DE\",\"@id\":\"https:\\\/\\\/anecoop.com\\\/de\\\/sala-de-prensa\\\/jornadas-de-la-granada-en-la-escuela-de-hosteleria-de-denia\\\/#primaryimage\",\"url\":\"https:\\\/\\\/anecoop.com\\\/wp-content\\\/uploads\\\/2025\\\/09\\\/jornada-gastronomica-escuela-hosteleria-1.jpg\",\"contentUrl\":\"https:\\\/\\\/anecoop.com\\\/wp-content\\\/uploads\\\/2025\\\/09\\\/jornada-gastronomica-escuela-hosteleria-1.jpg\",\"width\":766,\"height\":530},{\"@type\":\"BreadcrumbList\",\"@id\":\"https:\\\/\\\/anecoop.com\\\/de\\\/sala-de-prensa\\\/jornadas-de-la-granada-en-la-escuela-de-hosteleria-de-denia\\\/#breadcrumb\",\"itemListElement\":[{\"@type\":\"ListItem\",\"position\":1,\"name\":\"Portada\",\"item\":\"https:\\\/\\\/anecoop.com\\\/de\\\/\"},{\"@type\":\"ListItem\",\"position\":2,\"name\":\"Jornadas de la Granada en la escuela de Hosteler\u00eda de Denia\"}]},{\"@type\":\"WebSite\",\"@id\":\"https:\\\/\\\/anecoop.com\\\/de\\\/#website\",\"url\":\"https:\\\/\\\/anecoop.com\\\/de\\\/\",\"name\":\"Anecoop\",\"description\":\"Anecoop, la primera empresa hortofrut\u00edcola del mediterr\u00e1neo\",\"publisher\":{\"@id\":\"https:\\\/\\\/anecoop.com\\\/de\\\/#organization\"},\"potentialAction\":[{\"@type\":\"SearchAction\",\"target\":{\"@type\":\"EntryPoint\",\"urlTemplate\":\"https:\\\/\\\/anecoop.com\\\/de\\\/?s={search_term_string}\"},\"query-input\":{\"@type\":\"PropertyValueSpecification\",\"valueRequired\":true,\"valueName\":\"search_term_string\"}}],\"inLanguage\":\"de-DE\"},{\"@type\":\"Organization\",\"@id\":\"https:\\\/\\\/anecoop.com\\\/de\\\/#organization\",\"name\":\"Anecoop\",\"url\":\"https:\\\/\\\/anecoop.com\\\/de\\\/\",\"logo\":{\"@type\":\"ImageObject\",\"inLanguage\":\"de-DE\",\"@id\":\"https:\\\/\\\/anecoop.com\\\/de\\\/#\\\/schema\\\/logo\\\/image\\\/\",\"url\":\"https:\\\/\\\/anecoop.com\\\/wp-content\\\/uploads\\\/2026\\\/03\\\/HOME-LOGO-DORADO-CENTRAL.webp\",\"contentUrl\":\"https:\\\/\\\/anecoop.com\\\/wp-content\\\/uploads\\\/2026\\\/03\\\/HOME-LOGO-DORADO-CENTRAL.webp\",\"width\":342,\"height\":304,\"caption\":\"Anecoop\"},\"image\":{\"@id\":\"https:\\\/\\\/anecoop.com\\\/de\\\/#\\\/schema\\\/logo\\\/image\\\/\"}},{\"@type\":\"Person\",\"@id\":\"https:\\\/\\\/anecoop.com\\\/de\\\/#\\\/schema\\\/person\\\/7b64504b75e9c1cbae3e67d3bd18dd2f\",\"name\":\"Anecoop\",\"image\":{\"@type\":\"ImageObject\",\"inLanguage\":\"de-DE\",\"@id\":\"https:\\\/\\\/secure.gravatar.com\\\/avatar\\\/eb8b27e356d3618b05b67e6e501be73ba11be250334baf9d5254875b60abe619?s=96&d=mm&r=g\",\"url\":\"https:\\\/\\\/secure.gravatar.com\\\/avatar\\\/eb8b27e356d3618b05b67e6e501be73ba11be250334baf9d5254875b60abe619?s=96&d=mm&r=g\",\"contentUrl\":\"https:\\\/\\\/secure.gravatar.com\\\/avatar\\\/eb8b27e356d3618b05b67e6e501be73ba11be250334baf9d5254875b60abe619?s=96&d=mm&r=g\",\"caption\":\"Anecoop\"}}]}<\/script>\n<!-- \/ Yoast SEO plugin. -->","yoast_head_json":{"title":"Jornadas de la Granada en la escuela de Hosteler\u00eda de Denia - Anecoop","robots":{"index":"index","follow":"follow","max-snippet":"max-snippet:-1","max-image-preview":"max-image-preview:large","max-video-preview":"max-video-preview:-1"},"canonical":"https:\/\/anecoop.com\/de\/sala-de-prensa\/jornadas-de-la-granada-en-la-escuela-de-hosteleria-de-denia\/","og_locale":"de_DE","og_type":"article","og_title":"Jornadas de la Granada en la escuela de Hosteler\u00eda de Denia - Anecoop","og_description":"El pasado 4 de noviembre, los alumnos del Departamento de Hosteler\u00eda y Turismo del IES Mar\u00eda Ibars de D\u00e9nia","og_url":"https:\/\/anecoop.com\/de\/sala-de-prensa\/jornadas-de-la-granada-en-la-escuela-de-hosteleria-de-denia\/","og_site_name":"Anecoop","article_published_time":"2015-05-11T13:19:58+00:00","article_modified_time":"2025-09-03T16:01:30+00:00","og_image":[{"width":766,"height":530,"url":"https:\/\/anecoop.com\/wp-content\/uploads\/2025\/09\/jornada-gastronomica-escuela-hosteleria-1.jpg","type":"image\/jpeg"}],"author":"Anecoop","twitter_card":"summary_large_image","twitter_misc":{"Written by":"Anecoop","Est. reading time":"1 minute"},"schema":{"@context":"https:\/\/schema.org","@graph":[{"@type":"Article","@id":"https:\/\/anecoop.com\/de\/sala-de-prensa\/jornadas-de-la-granada-en-la-escuela-de-hosteleria-de-denia\/#article","isPartOf":{"@id":"https:\/\/anecoop.com\/de\/sala-de-prensa\/jornadas-de-la-granada-en-la-escuela-de-hosteleria-de-denia\/"},"author":{"name":"Anecoop","@id":"https:\/\/anecoop.com\/de\/#\/schema\/person\/7b64504b75e9c1cbae3e67d3bd18dd2f"},"headline":"Jornadas de la Granada en la escuela de Hosteler\u00eda de Denia","datePublished":"2015-05-11T13:19:58+00:00","dateModified":"2025-09-03T16:01:30+00:00","mainEntityOfPage":{"@id":"https:\/\/anecoop.com\/de\/sala-de-prensa\/jornadas-de-la-granada-en-la-escuela-de-hosteleria-de-denia\/"},"wordCount":204,"commentCount":0,"publisher":{"@id":"https:\/\/anecoop.com\/de\/#organization"},"image":{"@id":"https:\/\/anecoop.com\/de\/sala-de-prensa\/jornadas-de-la-granada-en-la-escuela-de-hosteleria-de-denia\/#primaryimage"},"thumbnailUrl":"https:\/\/anecoop.com\/wp-content\/uploads\/2025\/09\/jornada-gastronomica-escuela-hosteleria-1.jpg","articleSection":["Nicht kategorisiert"],"inLanguage":"de-DE","potentialAction":[{"@type":"CommentAction","name":"Comment","target":["https:\/\/anecoop.com\/de\/sala-de-prensa\/jornadas-de-la-granada-en-la-escuela-de-hosteleria-de-denia\/#respond"]}]},{"@type":"WebPage","@id":"https:\/\/anecoop.com\/de\/sala-de-prensa\/jornadas-de-la-granada-en-la-escuela-de-hosteleria-de-denia\/","url":"https:\/\/anecoop.com\/de\/sala-de-prensa\/jornadas-de-la-granada-en-la-escuela-de-hosteleria-de-denia\/","name":"Jornadas de la Granada en la escuela de Hosteler\u00eda de Denia - Anecoop","isPartOf":{"@id":"https:\/\/anecoop.com\/de\/#website"},"primaryImageOfPage":{"@id":"https:\/\/anecoop.com\/de\/sala-de-prensa\/jornadas-de-la-granada-en-la-escuela-de-hosteleria-de-denia\/#primaryimage"},"image":{"@id":"https:\/\/anecoop.com\/de\/sala-de-prensa\/jornadas-de-la-granada-en-la-escuela-de-hosteleria-de-denia\/#primaryimage"},"thumbnailUrl":"https:\/\/anecoop.com\/wp-content\/uploads\/2025\/09\/jornada-gastronomica-escuela-hosteleria-1.jpg","datePublished":"2015-05-11T13:19:58+00:00","dateModified":"2025-09-03T16:01:30+00:00","breadcrumb":{"@id":"https:\/\/anecoop.com\/de\/sala-de-prensa\/jornadas-de-la-granada-en-la-escuela-de-hosteleria-de-denia\/#breadcrumb"},"inLanguage":"de-DE","potentialAction":[{"@type":"ReadAction","target":["https:\/\/anecoop.com\/de\/sala-de-prensa\/jornadas-de-la-granada-en-la-escuela-de-hosteleria-de-denia\/"]}]},{"@type":"ImageObject","inLanguage":"de-DE","@id":"https:\/\/anecoop.com\/de\/sala-de-prensa\/jornadas-de-la-granada-en-la-escuela-de-hosteleria-de-denia\/#primaryimage","url":"https:\/\/anecoop.com\/wp-content\/uploads\/2025\/09\/jornada-gastronomica-escuela-hosteleria-1.jpg","contentUrl":"https:\/\/anecoop.com\/wp-content\/uploads\/2025\/09\/jornada-gastronomica-escuela-hosteleria-1.jpg","width":766,"height":530},{"@type":"BreadcrumbList","@id":"https:\/\/anecoop.com\/de\/sala-de-prensa\/jornadas-de-la-granada-en-la-escuela-de-hosteleria-de-denia\/#breadcrumb","itemListElement":[{"@type":"ListItem","position":1,"name":"Portada","item":"https:\/\/anecoop.com\/de\/"},{"@type":"ListItem","position":2,"name":"Jornadas de la Granada en la escuela de Hosteler\u00eda de Denia"}]},{"@type":"WebSite","@id":"https:\/\/anecoop.com\/de\/#website","url":"https:\/\/anecoop.com\/de\/","name":"Anecoop","description":"Anecoop, la primera empresa hortofrut\u00edcola del mediterr\u00e1neo","publisher":{"@id":"https:\/\/anecoop.com\/de\/#organization"},"potentialAction":[{"@type":"SearchAction","target":{"@type":"EntryPoint","urlTemplate":"https:\/\/anecoop.com\/de\/?s={search_term_string}"},"query-input":{"@type":"PropertyValueSpecification","valueRequired":true,"valueName":"search_term_string"}}],"inLanguage":"de-DE"},{"@type":"Organization","@id":"https:\/\/anecoop.com\/de\/#organization","name":"Anecoop","url":"https:\/\/anecoop.com\/de\/","logo":{"@type":"ImageObject","inLanguage":"de-DE","@id":"https:\/\/anecoop.com\/de\/#\/schema\/logo\/image\/","url":"https:\/\/anecoop.com\/wp-content\/uploads\/2026\/03\/HOME-LOGO-DORADO-CENTRAL.webp","contentUrl":"https:\/\/anecoop.com\/wp-content\/uploads\/2026\/03\/HOME-LOGO-DORADO-CENTRAL.webp","width":342,"height":304,"caption":"Anecoop"},"image":{"@id":"https:\/\/anecoop.com\/de\/#\/schema\/logo\/image\/"}},{"@type":"Person","@id":"https:\/\/anecoop.com\/de\/#\/schema\/person\/7b64504b75e9c1cbae3e67d3bd18dd2f","name":"Anecoop","image":{"@type":"ImageObject","inLanguage":"de-DE","@id":"https:\/\/secure.gravatar.com\/avatar\/eb8b27e356d3618b05b67e6e501be73ba11be250334baf9d5254875b60abe619?s=96&d=mm&r=g","url":"https:\/\/secure.gravatar.com\/avatar\/eb8b27e356d3618b05b67e6e501be73ba11be250334baf9d5254875b60abe619?s=96&d=mm&r=g","contentUrl":"https:\/\/secure.gravatar.com\/avatar\/eb8b27e356d3618b05b67e6e501be73ba11be250334baf9d5254875b60abe619?s=96&d=mm&r=g","caption":"Anecoop"}}]}},"_links":{"self":[{"href":"https:\/\/anecoop.com\/de\/wp-json\/wp\/v2\/posts\/2648","targetHints":{"allow":["GET"]}}],"collection":[{"href":"https:\/\/anecoop.com\/de\/wp-json\/wp\/v2\/posts"}],"about":[{"href":"https:\/\/anecoop.com\/de\/wp-json\/wp\/v2\/types\/post"}],"author":[{"embeddable":true,"href":"https:\/\/anecoop.com\/de\/wp-json\/wp\/v2\/users\/4"}],"replies":[{"embeddable":true,"href":"https:\/\/anecoop.com\/de\/wp-json\/wp\/v2\/comments?post=2648"}],"version-history":[{"count":0,"href":"https:\/\/anecoop.com\/de\/wp-json\/wp\/v2\/posts\/2648\/revisions"}],"wp:featuredmedia":[{"embeddable":true,"href":"https:\/\/anecoop.com\/de\/wp-json\/wp\/v2\/media\/1706"}],"wp:attachment":[{"href":"https:\/\/anecoop.com\/de\/wp-json\/wp\/v2\/media?parent=2648"}],"wp:term":[{"taxonomy":"category","embeddable":true,"href":"https:\/\/anecoop.com\/de\/wp-json\/wp\/v2\/categories?post=2648"},{"taxonomy":"post_tag","embeddable":true,"href":"https:\/\/anecoop.com\/de\/wp-json\/wp\/v2\/tags?post=2648"}],"curies":[{"name":"wp","href":"https:\/\/api.w.org\/{rel}","templated":true}]}}