{"id":2455,"date":"2015-12-22T14:22:13","date_gmt":"2015-12-22T13:22:13","guid":{"rendered":"https:\/\/anecoop.com\/anecoop-recibe-el-premio-empresa-de-2015-por-su-consolidacion-en-francia\/"},"modified":"2025-09-03T18:01:18","modified_gmt":"2025-09-03T16:01:18","slug":"bodega-la-vina","status":"publish","type":"post","link":"https:\/\/anecoop.com\/en\/sala-de-prensa\/bodega-la-vina\/","title":{"rendered":"Anecoop Recibe el premio &#8220;Empresa de 2015&#8221; por su consolidaci\u00f3n en Francia"},"content":{"rendered":"<h2 style=\"text-align: center;\">ANECOOP RECIBE EL PREMIO \u201cEMPRESA DE 2015\u201d POR SU CONSOLIDACI\u00d3N EN FRANCIA<\/h2>\n<h6 style=\"text-align: justify;\"><span style=\"color: #808080;\"><strong>Este reconocimiento de la C\u00e1mara Oficial de Comercio de Espa\u00f1a en Francia (COCEF) premia la consolidaci\u00f3n de Anecoop en el pa\u00eds galo, donde cuenta con una filial, Anecoop France, desde 1979. Se trata de un galard\u00f3n otorgado desde hace 16 a\u00f1os a empresas de gran notoriedad internacional (tales como Iberia, Porcelanosa o Gas Natural) que invierten de manera significativa en Francia. <\/strong><\/span><\/h6>\n<p style=\"text-align: justify;\"><strong>Valencia, 15 \u00a0de Diciembre de 2015.- <\/strong>El <strong>Embajador de Espa\u00f1a en Francia, Ram\u00f3n de Miguel, <\/strong>y el<strong> Presidente de COCEF, Jos\u00e9 Miguel Garc\u00eda<\/strong>, entregaron durante la noche del lunes, d\u00eda 14, el Trofeo a <strong>Anecoop<\/strong> que recogi\u00f3 su <strong>Presidente, Alejandro Monz\u00f3n<\/strong>, en una cena de gala que tuvo lugar en el Hotel Intercontinental de Par\u00eds con m\u00e1s de 200 invitados y que distingui\u00f3 el trabajo de empresas y personalidades espa\u00f1olas o de origen espa\u00f1ol, que han destacado en 2015 por su influencia, reputaci\u00f3n y por el desarrollo comercial en su campo.<\/p>\n<p style=\"text-align: justify;\"><strong>\u00a0<\/strong><\/p>\n<p style=\"text-align: justify;\"><strong>Alejandro Monz\u00f3n<\/strong> se mostr\u00f3 muy satisfecho por la consecuci\u00f3n de este premio, que se produce adem\u00e1s, seg\u00fan sus palabras, <em>\u201cen un momento muy significativo para la empresa, pues este ejercicio cumplimos 40 a\u00f1os de trayectoria de Anecoop y lo celebramos con una evoluci\u00f3n positiva de todas nuestras filiales y convencidos de que tenemos que seguir trabajando sin descanso y con ilusi\u00f3n renovada\u201d.<\/em><\/p>\n<p style=\"text-align: justify;\">El <strong>Director General de Anecoop, Joan Mir<\/strong>, que tambi\u00e9n estuvo presente en el evento de entrega de premios, record\u00f3 que la estrecha vinculaci\u00f3n de la cooperativa de segundo grado con Francia se remonta a 1979, cuando se abre su filial en Perpi\u00f1\u00e1n, fruto de la primera etapa de la expansi\u00f3n internacional de Anecoop. En la actualidad Francia se sit\u00faa como principal mercado de Anecoop, por delante de las ventas en Espa\u00f1a, Alemania y Reino Unido, con un volumen comercializado durante la presente campa\u00f1a de 170.000 toneladas de frutas y hortalizas, lo que representa un 23% de su volumen total, y con resultados econ\u00f3micos favorables y en constante crecimiento. A nivel global, el Grupo Anecoop factura una media anual de 550 millones de euros.<\/p>\n<p style=\"text-align: justify;\"><strong>Un nuevo proyecto empresarial en Francia <\/strong><\/p>\n<p style=\"text-align: justify;\">En su discurso de agradecimiento, <strong>Joan Mir <\/strong>se\u00f1al\u00f3 que \u201cl<em>as cifras de negocio en Francia son ilusionantes para Anecoop, como tambi\u00e9n el nuevo proyecto empresarial Solagora, hoy en pleno crecimiento y con la expectativa de un futuro s\u00f3lido entre productores franceses y espa\u00f1oles especializados en productos ecol\u00f3gicos. Y se ha conseguido gracias al trabajo continuo con las principales cadenas de distribuci\u00f3n francesas\u201d.<\/em><\/p>\n<p style=\"text-align: justify;\">Por su parte, el <strong>Director de Anecoop France, Miguel Abril<\/strong>, afirm\u00f3 que \u201cq<em>ueremos seguir siendo claramente visibles en el mercado franc\u00e9s y europeo, manteniendo resultados econ\u00f3micos positivos y adecu\u00e1ndonos a las tendencias de consumo de este nuestro principal mercado\u201d. <\/em><\/p>\n<p style=\"text-align: justify;\">En 2014 \u00a0Anecoop France cre\u00f3 una empresa dedicada en exclusiva a la comercializaci\u00f3n de productos \u201cbio\u201d, <strong>Solagora S.A.S.<\/strong> que representa la consolidaci\u00f3n del Grupo en este tipo de productos, constituy\u00e9ndose en su principal plataforma para comercializar frutas y hortalizas ecol\u00f3gicas en Europa. En este sentido, destacar que Francia es el pa\u00eds en el que m\u00e1s ha destacado el desarrollo de la l\u00ednea \u201cBio\u201d del Grupo en frutas y verduras, lo que ha dotado a los responsables de la filial de un conocimiento del negocio que les ha llevado a liderar esta iniciativa.<\/p>\n<p style=\"text-align: justify;\"><strong>Acerca de Anecoop <\/strong><\/p>\n<p style=\"text-align: justify;\">La empresa agrupa actualmente a 71 cooperativas hortofrut\u00edcolas y vitivin\u00edcolas que exportan sus productos a 68 pa\u00edses, siendo Francia el principal destino de sus exportaciones. Su red comercial est\u00e1 situada en puntos estrat\u00e9gicos del mercado internacional de frutas y hortalizas en fresco: Espa\u00f1a, Francia, Reino Unido, Holanda, Rep\u00fablica Checa, Eslovaquia, Polonia, Rusia y China. Desde su fundaci\u00f3n, en 1975, Anecoop se ha constituido como una de las mayores empresas internacionales de distribuci\u00f3n de c\u00edtricos, hortalizas, frutas no c\u00edtricas y vinos. Es la primera empresa hortofrut\u00edcola del Mediterr\u00e1neo, l\u00edder espa\u00f1ola en la comercializaci\u00f3n de frutas y hortalizas, primer exportador y segundo comercializador de c\u00edtricos del mundo y primer operador de sand\u00edas y kakis de Europa.<\/p>\n","protected":false},"excerpt":{"rendered":"<p>Este reconocimiento de la C\u00e1mara Oficial de Comercio de Espa\u00f1a en Francia (COCEF) premia la consolidaci\u00f3n de Anecoop en el pa\u00eds galo, donde cuenta con una filial, Anecoop France, desde 1979.<\/p>\n","protected":false},"author":4,"featured_media":1324,"comment_status":"open","ping_status":"closed","sticky":false,"template":"","format":"standard","meta":{"_acf_changed":false,"footnotes":""},"categories":[1],"tags":[],"class_list":["post-2455","post","type-post","status-publish","format-standard","has-post-thumbnail","hentry","category-sin-categoria"],"acf":[],"yoast_head":"<!-- This site is optimized with the Yoast SEO plugin v27.3 - https:\/\/yoast.com\/product\/yoast-seo-wordpress\/ -->\n<title>Anecoop Recibe el premio &quot;Empresa de 2015&quot; por su consolidaci\u00f3n en Francia - Anecoop<\/title>\n<meta name=\"robots\" content=\"index, follow, max-snippet:-1, max-image-preview:large, max-video-preview:-1\" \/>\n<link rel=\"canonical\" href=\"https:\/\/anecoop.com\/en\/sala-de-prensa\/bodega-la-vina\/\" \/>\n<meta property=\"og:locale\" content=\"en_US\" \/>\n<meta property=\"og:type\" content=\"article\" \/>\n<meta property=\"og:title\" content=\"Anecoop Recibe el premio &quot;Empresa de 2015&quot; por su consolidaci\u00f3n en Francia - Anecoop\" \/>\n<meta property=\"og:description\" content=\"Este reconocimiento de la C\u00e1mara Oficial de Comercio de Espa\u00f1a en Francia (COCEF) premia la consolidaci\u00f3n de Anecoop en el pa\u00eds galo, donde cuenta con una filial, Anecoop France, desde 1979.\" \/>\n<meta property=\"og:url\" content=\"https:\/\/anecoop.com\/en\/sala-de-prensa\/bodega-la-vina\/\" \/>\n<meta property=\"og:site_name\" content=\"Anecoop\" \/>\n<meta property=\"article:published_time\" content=\"2015-12-22T13:22:13+00:00\" \/>\n<meta property=\"article:modified_time\" content=\"2025-09-03T16:01:18+00:00\" \/>\n<meta property=\"og:image\" content=\"https:\/\/anecoop.com\/wp-content\/uploads\/2025\/09\/trofeos-cocef-1.jpg\" \/>\n\t<meta property=\"og:image:width\" content=\"766\" \/>\n\t<meta property=\"og:image:height\" content=\"530\" \/>\n\t<meta property=\"og:image:type\" content=\"image\/jpeg\" \/>\n<meta name=\"author\" content=\"Anecoop\" \/>\n<meta name=\"twitter:card\" content=\"summary_large_image\" \/>\n<meta name=\"twitter:label1\" content=\"Written by\" \/>\n\t<meta name=\"twitter:data1\" content=\"Anecoop\" \/>\n\t<meta name=\"twitter:label2\" content=\"Est. reading time\" \/>\n\t<meta name=\"twitter:data2\" content=\"4 minutes\" \/>\n<script type=\"application\/ld+json\" class=\"yoast-schema-graph\">{\"@context\":\"https:\\\/\\\/schema.org\",\"@graph\":[{\"@type\":\"Article\",\"@id\":\"https:\\\/\\\/anecoop.com\\\/en\\\/sala-de-prensa\\\/bodega-la-vina\\\/#article\",\"isPartOf\":{\"@id\":\"https:\\\/\\\/anecoop.com\\\/en\\\/sala-de-prensa\\\/bodega-la-vina\\\/\"},\"author\":{\"name\":\"Anecoop\",\"@id\":\"https:\\\/\\\/anecoop.com\\\/en\\\/#\\\/schema\\\/person\\\/7b64504b75e9c1cbae3e67d3bd18dd2f\"},\"headline\":\"Anecoop Recibe el premio &#8220;Empresa de 2015&#8221; por su consolidaci\u00f3n en Francia\",\"datePublished\":\"2015-12-22T13:22:13+00:00\",\"dateModified\":\"2025-09-03T16:01:18+00:00\",\"mainEntityOfPage\":{\"@id\":\"https:\\\/\\\/anecoop.com\\\/en\\\/sala-de-prensa\\\/bodega-la-vina\\\/\"},\"wordCount\":728,\"commentCount\":0,\"publisher\":{\"@id\":\"https:\\\/\\\/anecoop.com\\\/en\\\/#organization\"},\"image\":{\"@id\":\"https:\\\/\\\/anecoop.com\\\/en\\\/sala-de-prensa\\\/bodega-la-vina\\\/#primaryimage\"},\"thumbnailUrl\":\"https:\\\/\\\/anecoop.com\\\/wp-content\\\/uploads\\\/2025\\\/09\\\/trofeos-cocef-1.jpg\",\"articleSection\":[\"Sin categor\u00eda\"],\"inLanguage\":\"en-US\",\"potentialAction\":[{\"@type\":\"CommentAction\",\"name\":\"Comment\",\"target\":[\"https:\\\/\\\/anecoop.com\\\/en\\\/sala-de-prensa\\\/bodega-la-vina\\\/#respond\"]}]},{\"@type\":\"WebPage\",\"@id\":\"https:\\\/\\\/anecoop.com\\\/en\\\/sala-de-prensa\\\/bodega-la-vina\\\/\",\"url\":\"https:\\\/\\\/anecoop.com\\\/en\\\/sala-de-prensa\\\/bodega-la-vina\\\/\",\"name\":\"Anecoop Recibe el premio \\\"Empresa de 2015\\\" por su consolidaci\u00f3n en Francia - Anecoop\",\"isPartOf\":{\"@id\":\"https:\\\/\\\/anecoop.com\\\/en\\\/#website\"},\"primaryImageOfPage\":{\"@id\":\"https:\\\/\\\/anecoop.com\\\/en\\\/sala-de-prensa\\\/bodega-la-vina\\\/#primaryimage\"},\"image\":{\"@id\":\"https:\\\/\\\/anecoop.com\\\/en\\\/sala-de-prensa\\\/bodega-la-vina\\\/#primaryimage\"},\"thumbnailUrl\":\"https:\\\/\\\/anecoop.com\\\/wp-content\\\/uploads\\\/2025\\\/09\\\/trofeos-cocef-1.jpg\",\"datePublished\":\"2015-12-22T13:22:13+00:00\",\"dateModified\":\"2025-09-03T16:01:18+00:00\",\"breadcrumb\":{\"@id\":\"https:\\\/\\\/anecoop.com\\\/en\\\/sala-de-prensa\\\/bodega-la-vina\\\/#breadcrumb\"},\"inLanguage\":\"en-US\",\"potentialAction\":[{\"@type\":\"ReadAction\",\"target\":[\"https:\\\/\\\/anecoop.com\\\/en\\\/sala-de-prensa\\\/bodega-la-vina\\\/\"]}]},{\"@type\":\"ImageObject\",\"inLanguage\":\"en-US\",\"@id\":\"https:\\\/\\\/anecoop.com\\\/en\\\/sala-de-prensa\\\/bodega-la-vina\\\/#primaryimage\",\"url\":\"https:\\\/\\\/anecoop.com\\\/wp-content\\\/uploads\\\/2025\\\/09\\\/trofeos-cocef-1.jpg\",\"contentUrl\":\"https:\\\/\\\/anecoop.com\\\/wp-content\\\/uploads\\\/2025\\\/09\\\/trofeos-cocef-1.jpg\",\"width\":766,\"height\":530},{\"@type\":\"BreadcrumbList\",\"@id\":\"https:\\\/\\\/anecoop.com\\\/en\\\/sala-de-prensa\\\/bodega-la-vina\\\/#breadcrumb\",\"itemListElement\":[{\"@type\":\"ListItem\",\"position\":1,\"name\":\"Portada\",\"item\":\"https:\\\/\\\/anecoop.com\\\/en\\\/\"},{\"@type\":\"ListItem\",\"position\":2,\"name\":\"Anecoop Recibe el premio \u00abEmpresa de 2015\u00bb por su consolidaci\u00f3n en Francia\"}]},{\"@type\":\"WebSite\",\"@id\":\"https:\\\/\\\/anecoop.com\\\/en\\\/#website\",\"url\":\"https:\\\/\\\/anecoop.com\\\/en\\\/\",\"name\":\"Anecoop\",\"description\":\"Anecoop, la primera empresa hortofrut\u00edcola del mediterr\u00e1neo\",\"publisher\":{\"@id\":\"https:\\\/\\\/anecoop.com\\\/en\\\/#organization\"},\"potentialAction\":[{\"@type\":\"SearchAction\",\"target\":{\"@type\":\"EntryPoint\",\"urlTemplate\":\"https:\\\/\\\/anecoop.com\\\/en\\\/?s={search_term_string}\"},\"query-input\":{\"@type\":\"PropertyValueSpecification\",\"valueRequired\":true,\"valueName\":\"search_term_string\"}}],\"inLanguage\":\"en-US\"},{\"@type\":\"Organization\",\"@id\":\"https:\\\/\\\/anecoop.com\\\/en\\\/#organization\",\"name\":\"Anecoop\",\"url\":\"https:\\\/\\\/anecoop.com\\\/en\\\/\",\"logo\":{\"@type\":\"ImageObject\",\"inLanguage\":\"en-US\",\"@id\":\"https:\\\/\\\/anecoop.com\\\/en\\\/#\\\/schema\\\/logo\\\/image\\\/\",\"url\":\"https:\\\/\\\/anecoop.com\\\/wp-content\\\/uploads\\\/2026\\\/03\\\/HOME-LOGO-DORADO-CENTRAL.webp\",\"contentUrl\":\"https:\\\/\\\/anecoop.com\\\/wp-content\\\/uploads\\\/2026\\\/03\\\/HOME-LOGO-DORADO-CENTRAL.webp\",\"width\":342,\"height\":304,\"caption\":\"Anecoop\"},\"image\":{\"@id\":\"https:\\\/\\\/anecoop.com\\\/en\\\/#\\\/schema\\\/logo\\\/image\\\/\"}},{\"@type\":\"Person\",\"@id\":\"https:\\\/\\\/anecoop.com\\\/en\\\/#\\\/schema\\\/person\\\/7b64504b75e9c1cbae3e67d3bd18dd2f\",\"name\":\"Anecoop\",\"image\":{\"@type\":\"ImageObject\",\"inLanguage\":\"en-US\",\"@id\":\"https:\\\/\\\/secure.gravatar.com\\\/avatar\\\/eb8b27e356d3618b05b67e6e501be73ba11be250334baf9d5254875b60abe619?s=96&d=mm&r=g\",\"url\":\"https:\\\/\\\/secure.gravatar.com\\\/avatar\\\/eb8b27e356d3618b05b67e6e501be73ba11be250334baf9d5254875b60abe619?s=96&d=mm&r=g\",\"contentUrl\":\"https:\\\/\\\/secure.gravatar.com\\\/avatar\\\/eb8b27e356d3618b05b67e6e501be73ba11be250334baf9d5254875b60abe619?s=96&d=mm&r=g\",\"caption\":\"Anecoop\"}}]}<\/script>\n<!-- \/ Yoast SEO plugin. -->","yoast_head_json":{"title":"Anecoop Recibe el premio \"Empresa de 2015\" por su consolidaci\u00f3n en Francia - Anecoop","robots":{"index":"index","follow":"follow","max-snippet":"max-snippet:-1","max-image-preview":"max-image-preview:large","max-video-preview":"max-video-preview:-1"},"canonical":"https:\/\/anecoop.com\/en\/sala-de-prensa\/bodega-la-vina\/","og_locale":"en_US","og_type":"article","og_title":"Anecoop Recibe el premio \"Empresa de 2015\" por su consolidaci\u00f3n en Francia - Anecoop","og_description":"Este reconocimiento de la C\u00e1mara Oficial de Comercio de Espa\u00f1a en Francia (COCEF) premia la consolidaci\u00f3n de Anecoop en el pa\u00eds galo, donde cuenta con una filial, Anecoop France, desde 1979.","og_url":"https:\/\/anecoop.com\/en\/sala-de-prensa\/bodega-la-vina\/","og_site_name":"Anecoop","article_published_time":"2015-12-22T13:22:13+00:00","article_modified_time":"2025-09-03T16:01:18+00:00","og_image":[{"width":766,"height":530,"url":"https:\/\/anecoop.com\/wp-content\/uploads\/2025\/09\/trofeos-cocef-1.jpg","type":"image\/jpeg"}],"author":"Anecoop","twitter_card":"summary_large_image","twitter_misc":{"Written by":"Anecoop","Est. reading time":"4 minutes"},"schema":{"@context":"https:\/\/schema.org","@graph":[{"@type":"Article","@id":"https:\/\/anecoop.com\/en\/sala-de-prensa\/bodega-la-vina\/#article","isPartOf":{"@id":"https:\/\/anecoop.com\/en\/sala-de-prensa\/bodega-la-vina\/"},"author":{"name":"Anecoop","@id":"https:\/\/anecoop.com\/en\/#\/schema\/person\/7b64504b75e9c1cbae3e67d3bd18dd2f"},"headline":"Anecoop Recibe el premio &#8220;Empresa de 2015&#8221; por su consolidaci\u00f3n en Francia","datePublished":"2015-12-22T13:22:13+00:00","dateModified":"2025-09-03T16:01:18+00:00","mainEntityOfPage":{"@id":"https:\/\/anecoop.com\/en\/sala-de-prensa\/bodega-la-vina\/"},"wordCount":728,"commentCount":0,"publisher":{"@id":"https:\/\/anecoop.com\/en\/#organization"},"image":{"@id":"https:\/\/anecoop.com\/en\/sala-de-prensa\/bodega-la-vina\/#primaryimage"},"thumbnailUrl":"https:\/\/anecoop.com\/wp-content\/uploads\/2025\/09\/trofeos-cocef-1.jpg","articleSection":["Sin categor\u00eda"],"inLanguage":"en-US","potentialAction":[{"@type":"CommentAction","name":"Comment","target":["https:\/\/anecoop.com\/en\/sala-de-prensa\/bodega-la-vina\/#respond"]}]},{"@type":"WebPage","@id":"https:\/\/anecoop.com\/en\/sala-de-prensa\/bodega-la-vina\/","url":"https:\/\/anecoop.com\/en\/sala-de-prensa\/bodega-la-vina\/","name":"Anecoop Recibe el premio \"Empresa de 2015\" por su consolidaci\u00f3n en Francia - Anecoop","isPartOf":{"@id":"https:\/\/anecoop.com\/en\/#website"},"primaryImageOfPage":{"@id":"https:\/\/anecoop.com\/en\/sala-de-prensa\/bodega-la-vina\/#primaryimage"},"image":{"@id":"https:\/\/anecoop.com\/en\/sala-de-prensa\/bodega-la-vina\/#primaryimage"},"thumbnailUrl":"https:\/\/anecoop.com\/wp-content\/uploads\/2025\/09\/trofeos-cocef-1.jpg","datePublished":"2015-12-22T13:22:13+00:00","dateModified":"2025-09-03T16:01:18+00:00","breadcrumb":{"@id":"https:\/\/anecoop.com\/en\/sala-de-prensa\/bodega-la-vina\/#breadcrumb"},"inLanguage":"en-US","potentialAction":[{"@type":"ReadAction","target":["https:\/\/anecoop.com\/en\/sala-de-prensa\/bodega-la-vina\/"]}]},{"@type":"ImageObject","inLanguage":"en-US","@id":"https:\/\/anecoop.com\/en\/sala-de-prensa\/bodega-la-vina\/#primaryimage","url":"https:\/\/anecoop.com\/wp-content\/uploads\/2025\/09\/trofeos-cocef-1.jpg","contentUrl":"https:\/\/anecoop.com\/wp-content\/uploads\/2025\/09\/trofeos-cocef-1.jpg","width":766,"height":530},{"@type":"BreadcrumbList","@id":"https:\/\/anecoop.com\/en\/sala-de-prensa\/bodega-la-vina\/#breadcrumb","itemListElement":[{"@type":"ListItem","position":1,"name":"Portada","item":"https:\/\/anecoop.com\/en\/"},{"@type":"ListItem","position":2,"name":"Anecoop Recibe el premio \u00abEmpresa de 2015\u00bb por su consolidaci\u00f3n en Francia"}]},{"@type":"WebSite","@id":"https:\/\/anecoop.com\/en\/#website","url":"https:\/\/anecoop.com\/en\/","name":"Anecoop","description":"Anecoop, la primera empresa hortofrut\u00edcola del mediterr\u00e1neo","publisher":{"@id":"https:\/\/anecoop.com\/en\/#organization"},"potentialAction":[{"@type":"SearchAction","target":{"@type":"EntryPoint","urlTemplate":"https:\/\/anecoop.com\/en\/?s={search_term_string}"},"query-input":{"@type":"PropertyValueSpecification","valueRequired":true,"valueName":"search_term_string"}}],"inLanguage":"en-US"},{"@type":"Organization","@id":"https:\/\/anecoop.com\/en\/#organization","name":"Anecoop","url":"https:\/\/anecoop.com\/en\/","logo":{"@type":"ImageObject","inLanguage":"en-US","@id":"https:\/\/anecoop.com\/en\/#\/schema\/logo\/image\/","url":"https:\/\/anecoop.com\/wp-content\/uploads\/2026\/03\/HOME-LOGO-DORADO-CENTRAL.webp","contentUrl":"https:\/\/anecoop.com\/wp-content\/uploads\/2026\/03\/HOME-LOGO-DORADO-CENTRAL.webp","width":342,"height":304,"caption":"Anecoop"},"image":{"@id":"https:\/\/anecoop.com\/en\/#\/schema\/logo\/image\/"}},{"@type":"Person","@id":"https:\/\/anecoop.com\/en\/#\/schema\/person\/7b64504b75e9c1cbae3e67d3bd18dd2f","name":"Anecoop","image":{"@type":"ImageObject","inLanguage":"en-US","@id":"https:\/\/secure.gravatar.com\/avatar\/eb8b27e356d3618b05b67e6e501be73ba11be250334baf9d5254875b60abe619?s=96&d=mm&r=g","url":"https:\/\/secure.gravatar.com\/avatar\/eb8b27e356d3618b05b67e6e501be73ba11be250334baf9d5254875b60abe619?s=96&d=mm&r=g","contentUrl":"https:\/\/secure.gravatar.com\/avatar\/eb8b27e356d3618b05b67e6e501be73ba11be250334baf9d5254875b60abe619?s=96&d=mm&r=g","caption":"Anecoop"}}]}},"_links":{"self":[{"href":"https:\/\/anecoop.com\/en\/wp-json\/wp\/v2\/posts\/2455","targetHints":{"allow":["GET"]}}],"collection":[{"href":"https:\/\/anecoop.com\/en\/wp-json\/wp\/v2\/posts"}],"about":[{"href":"https:\/\/anecoop.com\/en\/wp-json\/wp\/v2\/types\/post"}],"author":[{"embeddable":true,"href":"https:\/\/anecoop.com\/en\/wp-json\/wp\/v2\/users\/4"}],"replies":[{"embeddable":true,"href":"https:\/\/anecoop.com\/en\/wp-json\/wp\/v2\/comments?post=2455"}],"version-history":[{"count":0,"href":"https:\/\/anecoop.com\/en\/wp-json\/wp\/v2\/posts\/2455\/revisions"}],"wp:featuredmedia":[{"embeddable":true,"href":"https:\/\/anecoop.com\/en\/wp-json\/wp\/v2\/media\/1324"}],"wp:attachment":[{"href":"https:\/\/anecoop.com\/en\/wp-json\/wp\/v2\/media?parent=2455"}],"wp:term":[{"taxonomy":"category","embeddable":true,"href":"https:\/\/anecoop.com\/en\/wp-json\/wp\/v2\/categories?post=2455"},{"taxonomy":"post_tag","embeddable":true,"href":"https:\/\/anecoop.com\/en\/wp-json\/wp\/v2\/tags?post=2455"}],"curies":[{"name":"wp","href":"https:\/\/api.w.org\/{rel}","templated":true}]}}