{"id":2457,"date":"2015-12-11T14:33:21","date_gmt":"2015-12-11T13:33:21","guid":{"rendered":"https:\/\/anecoop.com\/arranca-en-bielorrusia-la-talaka-week-con-gran-presencia-de-la-marca-en-el-punto-de-venta\/"},"modified":"2025-09-03T18:01:20","modified_gmt":"2025-09-03T16:01:20","slug":"arranca-en-bielorrusia-la-talaka-week-con-gran-presencia-de-la-marca-en-el-punto-de-venta","status":"publish","type":"post","link":"https:\/\/anecoop.com\/en\/sala-de-prensa\/arranca-en-bielorrusia-la-talaka-week-con-gran-presencia-de-la-marca-en-el-punto-de-venta\/","title":{"rendered":"Arranca en Bielorrusia La Talaka Week con gran presencia de la marca en el punto de venta"},"content":{"rendered":"<h2 style=\"text-align: center;\">ARRANCA EN BIELORRUSIA LA TALAKA WEEK CON GRAN PRESENCIA DE LA MARCA EN EL PUNTO DE VENTA<\/h2>\n<p style=\"text-align: justify;\"><strong>\u00a1Ya est\u00e1 aqu\u00ed la Talaka Week!<\/strong><strong>\u00a0<\/strong>Ayer jueves 10 de diciembre, un supermercado de la cadena Rublevsky de la ciudad de Minsk acogi\u00f3 la presentaci\u00f3n en sociedad de la marca\u00a0<strong>Talaka<\/strong>, lanzada por Anecoop y que ir\u00e1 dirigida al mercado bielorruso. Y para presentarla en sociedad, que mejor fruta que el kaki Persimon, la fruta del oto\u00f1o. Adem\u00e1s de en el lineal, el kaki Persimon estaba presente en todo el material publicitario dise\u00f1ado para la ocasi\u00f3n, e incluso hab\u00eda una kaki-mascota para amenizar el momento.<\/p>\n<p style=\"text-align: justify;\">Los encargados de cortar la cinta inaugural del espacio dedicado a\u00a0<strong>Talaka<\/strong>\u00a0fueron el director general de Tibetray,\u00a0<strong>Vlad Altroshkin<\/strong>, y el presidente de Anecoop,\u00a0<strong>Alejandro Monz\u00f3n<\/strong>.<\/p>\n<p style=\"text-align: justify;\">Durante la\u00a0<strong>Talaka Week<\/strong>, que se celebra en los 68 supermercados Rublevsky del pa\u00eds, \u00a0se pondr\u00e1n a la venta m\u00e1s de 3,8 millones de kakis. Finalizada la promoci\u00f3n del kaki Persimon, el lanzamiento de la marca continuar\u00e1 con la promoci\u00f3n de mandarinas.<\/p>\n<p style=\"text-align: justify;\"><strong>Talaka<\/strong>\u00a0ha llegado a Bielorrusia para seguir ganando cuota en el sector del retailing, que est\u00e1 creciendo a\u00f1o a a\u00f1o.<\/p>\n","protected":false},"excerpt":{"rendered":"<p>\u00a1Ya est\u00e1 aqu\u00ed la Talaka Week! Ayer jueves 10 de diciembre, un supermercado de la cadena Rublevsky de la ciudad de Minsk acogi\u00f3 la presentaci\u00f3n en sociedad de la marca Talaka, lanzada por Anecoop y que ir\u00e1 dirigida al mercado bielorruso.<\/p>\n","protected":false},"author":4,"featured_media":1332,"comment_status":"open","ping_status":"closed","sticky":false,"template":"","format":"standard","meta":{"_acf_changed":false,"footnotes":""},"categories":[1],"tags":[],"class_list":["post-2457","post","type-post","status-publish","format-standard","has-post-thumbnail","hentry","category-sin-categoria"],"acf":[],"yoast_head":"<!-- This site is optimized with the Yoast SEO plugin v27.3 - https:\/\/yoast.com\/product\/yoast-seo-wordpress\/ -->\n<title>Arranca en Bielorrusia La Talaka Week con gran presencia de la marca en el punto de venta - Anecoop<\/title>\n<meta name=\"robots\" content=\"index, follow, max-snippet:-1, max-image-preview:large, max-video-preview:-1\" \/>\n<link rel=\"canonical\" href=\"https:\/\/anecoop.com\/en\/sala-de-prensa\/arranca-en-bielorrusia-la-talaka-week-con-gran-presencia-de-la-marca-en-el-punto-de-venta\/\" \/>\n<meta property=\"og:locale\" content=\"en_US\" \/>\n<meta property=\"og:type\" content=\"article\" \/>\n<meta property=\"og:title\" content=\"Arranca en Bielorrusia La Talaka Week con gran presencia de la marca en el punto de venta - Anecoop\" \/>\n<meta property=\"og:description\" content=\"\u00a1Ya est\u00e1 aqu\u00ed la Talaka Week! Ayer jueves 10 de diciembre, un supermercado de la cadena Rublevsky de la ciudad de Minsk acogi\u00f3 la presentaci\u00f3n en sociedad de la marca Talaka, lanzada por Anecoop y que ir\u00e1 dirigida al mercado bielorruso.\" \/>\n<meta property=\"og:url\" content=\"https:\/\/anecoop.com\/en\/sala-de-prensa\/arranca-en-bielorrusia-la-talaka-week-con-gran-presencia-de-la-marca-en-el-punto-de-venta\/\" \/>\n<meta property=\"og:site_name\" content=\"Anecoop\" \/>\n<meta property=\"article:published_time\" content=\"2015-12-11T13:33:21+00:00\" \/>\n<meta property=\"article:modified_time\" content=\"2025-09-03T16:01:20+00:00\" \/>\n<meta property=\"og:image\" content=\"https:\/\/anecoop.com\/wp-content\/uploads\/2025\/09\/talaka-1.jpg\" \/>\n\t<meta property=\"og:image:width\" content=\"766\" \/>\n\t<meta property=\"og:image:height\" content=\"530\" \/>\n\t<meta property=\"og:image:type\" content=\"image\/jpeg\" \/>\n<meta name=\"author\" content=\"Anecoop\" \/>\n<meta name=\"twitter:card\" content=\"summary_large_image\" \/>\n<meta name=\"twitter:label1\" content=\"Written by\" \/>\n\t<meta name=\"twitter:data1\" content=\"Anecoop\" \/>\n\t<meta name=\"twitter:label2\" content=\"Est. reading time\" \/>\n\t<meta name=\"twitter:data2\" content=\"1 minute\" \/>\n<script type=\"application\/ld+json\" class=\"yoast-schema-graph\">{\"@context\":\"https:\\\/\\\/schema.org\",\"@graph\":[{\"@type\":\"Article\",\"@id\":\"https:\\\/\\\/anecoop.com\\\/en\\\/sala-de-prensa\\\/arranca-en-bielorrusia-la-talaka-week-con-gran-presencia-de-la-marca-en-el-punto-de-venta\\\/#article\",\"isPartOf\":{\"@id\":\"https:\\\/\\\/anecoop.com\\\/en\\\/sala-de-prensa\\\/arranca-en-bielorrusia-la-talaka-week-con-gran-presencia-de-la-marca-en-el-punto-de-venta\\\/\"},\"author\":{\"name\":\"Anecoop\",\"@id\":\"https:\\\/\\\/anecoop.com\\\/en\\\/#\\\/schema\\\/person\\\/7b64504b75e9c1cbae3e67d3bd18dd2f\"},\"headline\":\"Arranca en Bielorrusia La Talaka Week con gran presencia de la marca en el punto de venta\",\"datePublished\":\"2015-12-11T13:33:21+00:00\",\"dateModified\":\"2025-09-03T16:01:20+00:00\",\"mainEntityOfPage\":{\"@id\":\"https:\\\/\\\/anecoop.com\\\/en\\\/sala-de-prensa\\\/arranca-en-bielorrusia-la-talaka-week-con-gran-presencia-de-la-marca-en-el-punto-de-venta\\\/\"},\"wordCount\":219,\"commentCount\":0,\"publisher\":{\"@id\":\"https:\\\/\\\/anecoop.com\\\/en\\\/#organization\"},\"image\":{\"@id\":\"https:\\\/\\\/anecoop.com\\\/en\\\/sala-de-prensa\\\/arranca-en-bielorrusia-la-talaka-week-con-gran-presencia-de-la-marca-en-el-punto-de-venta\\\/#primaryimage\"},\"thumbnailUrl\":\"https:\\\/\\\/anecoop.com\\\/wp-content\\\/uploads\\\/2025\\\/09\\\/talaka-1.jpg\",\"articleSection\":[\"Sin categor\u00eda\"],\"inLanguage\":\"en-US\",\"potentialAction\":[{\"@type\":\"CommentAction\",\"name\":\"Comment\",\"target\":[\"https:\\\/\\\/anecoop.com\\\/en\\\/sala-de-prensa\\\/arranca-en-bielorrusia-la-talaka-week-con-gran-presencia-de-la-marca-en-el-punto-de-venta\\\/#respond\"]}]},{\"@type\":\"WebPage\",\"@id\":\"https:\\\/\\\/anecoop.com\\\/en\\\/sala-de-prensa\\\/arranca-en-bielorrusia-la-talaka-week-con-gran-presencia-de-la-marca-en-el-punto-de-venta\\\/\",\"url\":\"https:\\\/\\\/anecoop.com\\\/en\\\/sala-de-prensa\\\/arranca-en-bielorrusia-la-talaka-week-con-gran-presencia-de-la-marca-en-el-punto-de-venta\\\/\",\"name\":\"Arranca en Bielorrusia La Talaka Week con gran presencia de la marca en el punto de venta - Anecoop\",\"isPartOf\":{\"@id\":\"https:\\\/\\\/anecoop.com\\\/en\\\/#website\"},\"primaryImageOfPage\":{\"@id\":\"https:\\\/\\\/anecoop.com\\\/en\\\/sala-de-prensa\\\/arranca-en-bielorrusia-la-talaka-week-con-gran-presencia-de-la-marca-en-el-punto-de-venta\\\/#primaryimage\"},\"image\":{\"@id\":\"https:\\\/\\\/anecoop.com\\\/en\\\/sala-de-prensa\\\/arranca-en-bielorrusia-la-talaka-week-con-gran-presencia-de-la-marca-en-el-punto-de-venta\\\/#primaryimage\"},\"thumbnailUrl\":\"https:\\\/\\\/anecoop.com\\\/wp-content\\\/uploads\\\/2025\\\/09\\\/talaka-1.jpg\",\"datePublished\":\"2015-12-11T13:33:21+00:00\",\"dateModified\":\"2025-09-03T16:01:20+00:00\",\"breadcrumb\":{\"@id\":\"https:\\\/\\\/anecoop.com\\\/en\\\/sala-de-prensa\\\/arranca-en-bielorrusia-la-talaka-week-con-gran-presencia-de-la-marca-en-el-punto-de-venta\\\/#breadcrumb\"},\"inLanguage\":\"en-US\",\"potentialAction\":[{\"@type\":\"ReadAction\",\"target\":[\"https:\\\/\\\/anecoop.com\\\/en\\\/sala-de-prensa\\\/arranca-en-bielorrusia-la-talaka-week-con-gran-presencia-de-la-marca-en-el-punto-de-venta\\\/\"]}]},{\"@type\":\"ImageObject\",\"inLanguage\":\"en-US\",\"@id\":\"https:\\\/\\\/anecoop.com\\\/en\\\/sala-de-prensa\\\/arranca-en-bielorrusia-la-talaka-week-con-gran-presencia-de-la-marca-en-el-punto-de-venta\\\/#primaryimage\",\"url\":\"https:\\\/\\\/anecoop.com\\\/wp-content\\\/uploads\\\/2025\\\/09\\\/talaka-1.jpg\",\"contentUrl\":\"https:\\\/\\\/anecoop.com\\\/wp-content\\\/uploads\\\/2025\\\/09\\\/talaka-1.jpg\",\"width\":766,\"height\":530},{\"@type\":\"BreadcrumbList\",\"@id\":\"https:\\\/\\\/anecoop.com\\\/en\\\/sala-de-prensa\\\/arranca-en-bielorrusia-la-talaka-week-con-gran-presencia-de-la-marca-en-el-punto-de-venta\\\/#breadcrumb\",\"itemListElement\":[{\"@type\":\"ListItem\",\"position\":1,\"name\":\"Portada\",\"item\":\"https:\\\/\\\/anecoop.com\\\/en\\\/\"},{\"@type\":\"ListItem\",\"position\":2,\"name\":\"Arranca en Bielorrusia La Talaka Week con gran presencia de la marca en el punto de venta\"}]},{\"@type\":\"WebSite\",\"@id\":\"https:\\\/\\\/anecoop.com\\\/en\\\/#website\",\"url\":\"https:\\\/\\\/anecoop.com\\\/en\\\/\",\"name\":\"Anecoop\",\"description\":\"Anecoop, la primera empresa hortofrut\u00edcola del mediterr\u00e1neo\",\"publisher\":{\"@id\":\"https:\\\/\\\/anecoop.com\\\/en\\\/#organization\"},\"potentialAction\":[{\"@type\":\"SearchAction\",\"target\":{\"@type\":\"EntryPoint\",\"urlTemplate\":\"https:\\\/\\\/anecoop.com\\\/en\\\/?s={search_term_string}\"},\"query-input\":{\"@type\":\"PropertyValueSpecification\",\"valueRequired\":true,\"valueName\":\"search_term_string\"}}],\"inLanguage\":\"en-US\"},{\"@type\":\"Organization\",\"@id\":\"https:\\\/\\\/anecoop.com\\\/en\\\/#organization\",\"name\":\"Anecoop\",\"url\":\"https:\\\/\\\/anecoop.com\\\/en\\\/\",\"logo\":{\"@type\":\"ImageObject\",\"inLanguage\":\"en-US\",\"@id\":\"https:\\\/\\\/anecoop.com\\\/en\\\/#\\\/schema\\\/logo\\\/image\\\/\",\"url\":\"https:\\\/\\\/anecoop.com\\\/wp-content\\\/uploads\\\/2026\\\/03\\\/HOME-LOGO-DORADO-CENTRAL.webp\",\"contentUrl\":\"https:\\\/\\\/anecoop.com\\\/wp-content\\\/uploads\\\/2026\\\/03\\\/HOME-LOGO-DORADO-CENTRAL.webp\",\"width\":342,\"height\":304,\"caption\":\"Anecoop\"},\"image\":{\"@id\":\"https:\\\/\\\/anecoop.com\\\/en\\\/#\\\/schema\\\/logo\\\/image\\\/\"}},{\"@type\":\"Person\",\"@id\":\"https:\\\/\\\/anecoop.com\\\/en\\\/#\\\/schema\\\/person\\\/7b64504b75e9c1cbae3e67d3bd18dd2f\",\"name\":\"Anecoop\",\"image\":{\"@type\":\"ImageObject\",\"inLanguage\":\"en-US\",\"@id\":\"https:\\\/\\\/secure.gravatar.com\\\/avatar\\\/eb8b27e356d3618b05b67e6e501be73ba11be250334baf9d5254875b60abe619?s=96&d=mm&r=g\",\"url\":\"https:\\\/\\\/secure.gravatar.com\\\/avatar\\\/eb8b27e356d3618b05b67e6e501be73ba11be250334baf9d5254875b60abe619?s=96&d=mm&r=g\",\"contentUrl\":\"https:\\\/\\\/secure.gravatar.com\\\/avatar\\\/eb8b27e356d3618b05b67e6e501be73ba11be250334baf9d5254875b60abe619?s=96&d=mm&r=g\",\"caption\":\"Anecoop\"}}]}<\/script>\n<!-- \/ Yoast SEO plugin. -->","yoast_head_json":{"title":"Arranca en Bielorrusia La Talaka Week con gran presencia de la marca en el punto de venta - Anecoop","robots":{"index":"index","follow":"follow","max-snippet":"max-snippet:-1","max-image-preview":"max-image-preview:large","max-video-preview":"max-video-preview:-1"},"canonical":"https:\/\/anecoop.com\/en\/sala-de-prensa\/arranca-en-bielorrusia-la-talaka-week-con-gran-presencia-de-la-marca-en-el-punto-de-venta\/","og_locale":"en_US","og_type":"article","og_title":"Arranca en Bielorrusia La Talaka Week con gran presencia de la marca en el punto de venta - Anecoop","og_description":"\u00a1Ya est\u00e1 aqu\u00ed la Talaka Week! Ayer jueves 10 de diciembre, un supermercado de la cadena Rublevsky de la ciudad de Minsk acogi\u00f3 la presentaci\u00f3n en sociedad de la marca Talaka, lanzada por Anecoop y que ir\u00e1 dirigida al mercado bielorruso.","og_url":"https:\/\/anecoop.com\/en\/sala-de-prensa\/arranca-en-bielorrusia-la-talaka-week-con-gran-presencia-de-la-marca-en-el-punto-de-venta\/","og_site_name":"Anecoop","article_published_time":"2015-12-11T13:33:21+00:00","article_modified_time":"2025-09-03T16:01:20+00:00","og_image":[{"width":766,"height":530,"url":"https:\/\/anecoop.com\/wp-content\/uploads\/2025\/09\/talaka-1.jpg","type":"image\/jpeg"}],"author":"Anecoop","twitter_card":"summary_large_image","twitter_misc":{"Written by":"Anecoop","Est. reading time":"1 minute"},"schema":{"@context":"https:\/\/schema.org","@graph":[{"@type":"Article","@id":"https:\/\/anecoop.com\/en\/sala-de-prensa\/arranca-en-bielorrusia-la-talaka-week-con-gran-presencia-de-la-marca-en-el-punto-de-venta\/#article","isPartOf":{"@id":"https:\/\/anecoop.com\/en\/sala-de-prensa\/arranca-en-bielorrusia-la-talaka-week-con-gran-presencia-de-la-marca-en-el-punto-de-venta\/"},"author":{"name":"Anecoop","@id":"https:\/\/anecoop.com\/en\/#\/schema\/person\/7b64504b75e9c1cbae3e67d3bd18dd2f"},"headline":"Arranca en Bielorrusia La Talaka Week con gran presencia de la marca en el punto de venta","datePublished":"2015-12-11T13:33:21+00:00","dateModified":"2025-09-03T16:01:20+00:00","mainEntityOfPage":{"@id":"https:\/\/anecoop.com\/en\/sala-de-prensa\/arranca-en-bielorrusia-la-talaka-week-con-gran-presencia-de-la-marca-en-el-punto-de-venta\/"},"wordCount":219,"commentCount":0,"publisher":{"@id":"https:\/\/anecoop.com\/en\/#organization"},"image":{"@id":"https:\/\/anecoop.com\/en\/sala-de-prensa\/arranca-en-bielorrusia-la-talaka-week-con-gran-presencia-de-la-marca-en-el-punto-de-venta\/#primaryimage"},"thumbnailUrl":"https:\/\/anecoop.com\/wp-content\/uploads\/2025\/09\/talaka-1.jpg","articleSection":["Sin categor\u00eda"],"inLanguage":"en-US","potentialAction":[{"@type":"CommentAction","name":"Comment","target":["https:\/\/anecoop.com\/en\/sala-de-prensa\/arranca-en-bielorrusia-la-talaka-week-con-gran-presencia-de-la-marca-en-el-punto-de-venta\/#respond"]}]},{"@type":"WebPage","@id":"https:\/\/anecoop.com\/en\/sala-de-prensa\/arranca-en-bielorrusia-la-talaka-week-con-gran-presencia-de-la-marca-en-el-punto-de-venta\/","url":"https:\/\/anecoop.com\/en\/sala-de-prensa\/arranca-en-bielorrusia-la-talaka-week-con-gran-presencia-de-la-marca-en-el-punto-de-venta\/","name":"Arranca en Bielorrusia La Talaka Week con gran presencia de la marca en el punto de venta - Anecoop","isPartOf":{"@id":"https:\/\/anecoop.com\/en\/#website"},"primaryImageOfPage":{"@id":"https:\/\/anecoop.com\/en\/sala-de-prensa\/arranca-en-bielorrusia-la-talaka-week-con-gran-presencia-de-la-marca-en-el-punto-de-venta\/#primaryimage"},"image":{"@id":"https:\/\/anecoop.com\/en\/sala-de-prensa\/arranca-en-bielorrusia-la-talaka-week-con-gran-presencia-de-la-marca-en-el-punto-de-venta\/#primaryimage"},"thumbnailUrl":"https:\/\/anecoop.com\/wp-content\/uploads\/2025\/09\/talaka-1.jpg","datePublished":"2015-12-11T13:33:21+00:00","dateModified":"2025-09-03T16:01:20+00:00","breadcrumb":{"@id":"https:\/\/anecoop.com\/en\/sala-de-prensa\/arranca-en-bielorrusia-la-talaka-week-con-gran-presencia-de-la-marca-en-el-punto-de-venta\/#breadcrumb"},"inLanguage":"en-US","potentialAction":[{"@type":"ReadAction","target":["https:\/\/anecoop.com\/en\/sala-de-prensa\/arranca-en-bielorrusia-la-talaka-week-con-gran-presencia-de-la-marca-en-el-punto-de-venta\/"]}]},{"@type":"ImageObject","inLanguage":"en-US","@id":"https:\/\/anecoop.com\/en\/sala-de-prensa\/arranca-en-bielorrusia-la-talaka-week-con-gran-presencia-de-la-marca-en-el-punto-de-venta\/#primaryimage","url":"https:\/\/anecoop.com\/wp-content\/uploads\/2025\/09\/talaka-1.jpg","contentUrl":"https:\/\/anecoop.com\/wp-content\/uploads\/2025\/09\/talaka-1.jpg","width":766,"height":530},{"@type":"BreadcrumbList","@id":"https:\/\/anecoop.com\/en\/sala-de-prensa\/arranca-en-bielorrusia-la-talaka-week-con-gran-presencia-de-la-marca-en-el-punto-de-venta\/#breadcrumb","itemListElement":[{"@type":"ListItem","position":1,"name":"Portada","item":"https:\/\/anecoop.com\/en\/"},{"@type":"ListItem","position":2,"name":"Arranca en Bielorrusia La Talaka Week con gran presencia de la marca en el punto de venta"}]},{"@type":"WebSite","@id":"https:\/\/anecoop.com\/en\/#website","url":"https:\/\/anecoop.com\/en\/","name":"Anecoop","description":"Anecoop, la primera empresa hortofrut\u00edcola del mediterr\u00e1neo","publisher":{"@id":"https:\/\/anecoop.com\/en\/#organization"},"potentialAction":[{"@type":"SearchAction","target":{"@type":"EntryPoint","urlTemplate":"https:\/\/anecoop.com\/en\/?s={search_term_string}"},"query-input":{"@type":"PropertyValueSpecification","valueRequired":true,"valueName":"search_term_string"}}],"inLanguage":"en-US"},{"@type":"Organization","@id":"https:\/\/anecoop.com\/en\/#organization","name":"Anecoop","url":"https:\/\/anecoop.com\/en\/","logo":{"@type":"ImageObject","inLanguage":"en-US","@id":"https:\/\/anecoop.com\/en\/#\/schema\/logo\/image\/","url":"https:\/\/anecoop.com\/wp-content\/uploads\/2026\/03\/HOME-LOGO-DORADO-CENTRAL.webp","contentUrl":"https:\/\/anecoop.com\/wp-content\/uploads\/2026\/03\/HOME-LOGO-DORADO-CENTRAL.webp","width":342,"height":304,"caption":"Anecoop"},"image":{"@id":"https:\/\/anecoop.com\/en\/#\/schema\/logo\/image\/"}},{"@type":"Person","@id":"https:\/\/anecoop.com\/en\/#\/schema\/person\/7b64504b75e9c1cbae3e67d3bd18dd2f","name":"Anecoop","image":{"@type":"ImageObject","inLanguage":"en-US","@id":"https:\/\/secure.gravatar.com\/avatar\/eb8b27e356d3618b05b67e6e501be73ba11be250334baf9d5254875b60abe619?s=96&d=mm&r=g","url":"https:\/\/secure.gravatar.com\/avatar\/eb8b27e356d3618b05b67e6e501be73ba11be250334baf9d5254875b60abe619?s=96&d=mm&r=g","contentUrl":"https:\/\/secure.gravatar.com\/avatar\/eb8b27e356d3618b05b67e6e501be73ba11be250334baf9d5254875b60abe619?s=96&d=mm&r=g","caption":"Anecoop"}}]}},"_links":{"self":[{"href":"https:\/\/anecoop.com\/en\/wp-json\/wp\/v2\/posts\/2457","targetHints":{"allow":["GET"]}}],"collection":[{"href":"https:\/\/anecoop.com\/en\/wp-json\/wp\/v2\/posts"}],"about":[{"href":"https:\/\/anecoop.com\/en\/wp-json\/wp\/v2\/types\/post"}],"author":[{"embeddable":true,"href":"https:\/\/anecoop.com\/en\/wp-json\/wp\/v2\/users\/4"}],"replies":[{"embeddable":true,"href":"https:\/\/anecoop.com\/en\/wp-json\/wp\/v2\/comments?post=2457"}],"version-history":[{"count":0,"href":"https:\/\/anecoop.com\/en\/wp-json\/wp\/v2\/posts\/2457\/revisions"}],"wp:featuredmedia":[{"embeddable":true,"href":"https:\/\/anecoop.com\/en\/wp-json\/wp\/v2\/media\/1332"}],"wp:attachment":[{"href":"https:\/\/anecoop.com\/en\/wp-json\/wp\/v2\/media?parent=2457"}],"wp:term":[{"taxonomy":"category","embeddable":true,"href":"https:\/\/anecoop.com\/en\/wp-json\/wp\/v2\/categories?post=2457"},{"taxonomy":"post_tag","embeddable":true,"href":"https:\/\/anecoop.com\/en\/wp-json\/wp\/v2\/tags?post=2457"}],"curies":[{"name":"wp","href":"https:\/\/api.w.org\/{rel}","templated":true}]}}