{"id":2458,"date":"2015-12-03T15:51:08","date_gmt":"2015-12-03T14:51:08","guid":{"rendered":"https:\/\/anecoop.com\/anecoop-participa-en-el-prestigioso-foro-canada-blanch\/"},"modified":"2025-09-03T18:01:21","modified_gmt":"2025-09-03T16:01:21","slug":"anecoop-participa-en-el-prestigioso-foro-canada-blanch","status":"publish","type":"post","link":"https:\/\/anecoop.com\/en\/sala-de-prensa\/anecoop-participa-en-el-prestigioso-foro-canada-blanch\/","title":{"rendered":"Anecoop participa en el prestigioso Foro Ca\u00f1ada Blanch"},"content":{"rendered":"<h2 style=\"text-align: center;\">ANECOOP PARTICIPA EN EL PRESTIGIOSO FORO CA\u00d1ADA BLANCH<\/h2>\n<p>El mi\u00e9rcoles 2 de diciembre se inaugur\u00f3 en Valencia el II Foro Ca\u00f1ada Blanch, un foro de debate de dos d\u00edas de duraci\u00f3n que organizan la\u00a0<strong>Fundaci\u00f3n Ca\u00f1ada Blanch<\/strong>\u00a0en colaboraci\u00f3n con el<strong>Instituto Valenciano de Investigaciones Econ\u00f3micas (IVIE)<\/strong>, la\u00a0<strong>London School of Economics<\/strong>, la\u00a0<strong>Asociaci\u00f3n Valenciana de Empresarios<\/strong>\u00a0y\u00a0<strong>Bankia.\u00a0<\/strong><\/p>\n<p>Bajo el t\u00edtulo\u00a0<strong>&#8220;\u00bfIndustria y\/o servicios?&#8221;<\/strong><strong>\u00a0<\/strong>y al amparo de un informe elaborado por la Fundacion y el IVIE, en el que se analiza d\u00f3nde se encuentran las ventajas competitivas valencianas, expertos de distintos \u00e1mbitos y representantes de empresas de diferentes sectores han compartido y debatido en varias sesiones sobre las empresas valencianas y su papel en la econom\u00eda.<\/p>\n<p>&nbsp;<\/p>\n<p>En la primera jornada, y tras las ponencias del Catedr\u00e1tico de la Universitat de Val\u00e8ncia y de un representante de la London School of Economics, tuvo lugar el primer di\u00e1logo entre el presidente de Chocolates Valor,\u00a0<strong>Pedro L\u00f3pez<\/strong>\u00a0y la directora de Helados Estiu,\u00a0<strong>Mar\u00eda Jos\u00e9 F\u00e9lix,<\/strong>\u00a0moderados por el director general de Anecoop,\u00a0<strong>Joan Mir.<\/strong><\/p>\n<p>Otras empresas como Ford Espa\u00f1a, Celestica, Balearia o Grupo MDB participaron en la jornada del d\u00eda 3.<\/p>\n<p>La finalidad de la Fundaci\u00f3n Ca\u00f1ada Blanch es el fomento de la cultura y la ayuda a la promoci\u00f3n de los j\u00f3venes estudiantes, la gesti\u00f3n de actividades culturales, con especial dedicaci\u00f3n a los avances en la investigaci\u00f3n, del pensamiento, del debate social y de las artes, tanto en el \u00e1mbito de la Comunidad Valenciana como en el Reino Unido.<\/p>\n","protected":false},"excerpt":{"rendered":"<p>El mi\u00e9rcoles 2 de diciembre se inaugur\u00f3 en Valencia el II Foro Ca\u00f1ada Blanch, un foro de debate de dos d\u00edas de duraci\u00f3n que organizan la Fundaci\u00f3n Ca\u00f1ada Blanch en colaboraci\u00f3n con elInstituto Valenciano de Investigaciones Econ\u00f3micas (IVIE)<\/p>\n","protected":false},"author":4,"featured_media":1337,"comment_status":"open","ping_status":"closed","sticky":false,"template":"","format":"standard","meta":{"_acf_changed":false,"footnotes":""},"categories":[1],"tags":[],"class_list":["post-2458","post","type-post","status-publish","format-standard","has-post-thumbnail","hentry","category-sin-categoria"],"acf":[],"yoast_head":"<!-- This site is optimized with the Yoast SEO plugin v27.3 - https:\/\/yoast.com\/product\/yoast-seo-wordpress\/ -->\n<title>Anecoop participa en el prestigioso Foro Ca\u00f1ada Blanch - Anecoop<\/title>\n<meta name=\"robots\" content=\"index, follow, max-snippet:-1, max-image-preview:large, max-video-preview:-1\" \/>\n<link rel=\"canonical\" href=\"https:\/\/anecoop.com\/en\/sala-de-prensa\/anecoop-participa-en-el-prestigioso-foro-canada-blanch\/\" \/>\n<meta property=\"og:locale\" content=\"en_US\" \/>\n<meta property=\"og:type\" content=\"article\" \/>\n<meta property=\"og:title\" content=\"Anecoop participa en el prestigioso Foro Ca\u00f1ada Blanch - Anecoop\" \/>\n<meta property=\"og:description\" content=\"El mi\u00e9rcoles 2 de diciembre se inaugur\u00f3 en Valencia el II Foro Ca\u00f1ada Blanch, un foro de debate de dos d\u00edas de duraci\u00f3n que organizan la Fundaci\u00f3n Ca\u00f1ada Blanch en colaboraci\u00f3n con elInstituto Valenciano de Investigaciones Econ\u00f3micas (IVIE)\" \/>\n<meta property=\"og:url\" content=\"https:\/\/anecoop.com\/en\/sala-de-prensa\/anecoop-participa-en-el-prestigioso-foro-canada-blanch\/\" \/>\n<meta property=\"og:site_name\" content=\"Anecoop\" \/>\n<meta property=\"article:published_time\" content=\"2015-12-03T14:51:08+00:00\" \/>\n<meta property=\"article:modified_time\" content=\"2025-09-03T16:01:21+00:00\" \/>\n<meta property=\"og:image\" content=\"https:\/\/anecoop.com\/wp-content\/uploads\/2025\/09\/Chocolates-Valor-Anecoop-y-helados-Estiu-4-1.jpg\" \/>\n\t<meta property=\"og:image:width\" content=\"934\" \/>\n\t<meta property=\"og:image:height\" content=\"622\" \/>\n\t<meta property=\"og:image:type\" content=\"image\/jpeg\" \/>\n<meta name=\"author\" content=\"Anecoop\" \/>\n<meta name=\"twitter:card\" content=\"summary_large_image\" \/>\n<meta name=\"twitter:label1\" content=\"Written by\" \/>\n\t<meta name=\"twitter:data1\" content=\"Anecoop\" \/>\n\t<meta name=\"twitter:label2\" content=\"Est. reading time\" \/>\n\t<meta name=\"twitter:data2\" content=\"1 minute\" \/>\n<script type=\"application\/ld+json\" class=\"yoast-schema-graph\">{\"@context\":\"https:\\\/\\\/schema.org\",\"@graph\":[{\"@type\":\"Article\",\"@id\":\"https:\\\/\\\/anecoop.com\\\/en\\\/sala-de-prensa\\\/anecoop-participa-en-el-prestigioso-foro-canada-blanch\\\/#article\",\"isPartOf\":{\"@id\":\"https:\\\/\\\/anecoop.com\\\/en\\\/sala-de-prensa\\\/anecoop-participa-en-el-prestigioso-foro-canada-blanch\\\/\"},\"author\":{\"name\":\"Anecoop\",\"@id\":\"https:\\\/\\\/anecoop.com\\\/en\\\/#\\\/schema\\\/person\\\/7b64504b75e9c1cbae3e67d3bd18dd2f\"},\"headline\":\"Anecoop participa en el prestigioso Foro Ca\u00f1ada Blanch\",\"datePublished\":\"2015-12-03T14:51:08+00:00\",\"dateModified\":\"2025-09-03T16:01:21+00:00\",\"mainEntityOfPage\":{\"@id\":\"https:\\\/\\\/anecoop.com\\\/en\\\/sala-de-prensa\\\/anecoop-participa-en-el-prestigioso-foro-canada-blanch\\\/\"},\"wordCount\":286,\"commentCount\":0,\"publisher\":{\"@id\":\"https:\\\/\\\/anecoop.com\\\/en\\\/#organization\"},\"image\":{\"@id\":\"https:\\\/\\\/anecoop.com\\\/en\\\/sala-de-prensa\\\/anecoop-participa-en-el-prestigioso-foro-canada-blanch\\\/#primaryimage\"},\"thumbnailUrl\":\"https:\\\/\\\/anecoop.com\\\/wp-content\\\/uploads\\\/2025\\\/09\\\/Chocolates-Valor-Anecoop-y-helados-Estiu-4-1.jpg\",\"articleSection\":[\"Sin categor\u00eda\"],\"inLanguage\":\"en-US\",\"potentialAction\":[{\"@type\":\"CommentAction\",\"name\":\"Comment\",\"target\":[\"https:\\\/\\\/anecoop.com\\\/en\\\/sala-de-prensa\\\/anecoop-participa-en-el-prestigioso-foro-canada-blanch\\\/#respond\"]}]},{\"@type\":\"WebPage\",\"@id\":\"https:\\\/\\\/anecoop.com\\\/en\\\/sala-de-prensa\\\/anecoop-participa-en-el-prestigioso-foro-canada-blanch\\\/\",\"url\":\"https:\\\/\\\/anecoop.com\\\/en\\\/sala-de-prensa\\\/anecoop-participa-en-el-prestigioso-foro-canada-blanch\\\/\",\"name\":\"Anecoop participa en el prestigioso Foro Ca\u00f1ada Blanch - Anecoop\",\"isPartOf\":{\"@id\":\"https:\\\/\\\/anecoop.com\\\/en\\\/#website\"},\"primaryImageOfPage\":{\"@id\":\"https:\\\/\\\/anecoop.com\\\/en\\\/sala-de-prensa\\\/anecoop-participa-en-el-prestigioso-foro-canada-blanch\\\/#primaryimage\"},\"image\":{\"@id\":\"https:\\\/\\\/anecoop.com\\\/en\\\/sala-de-prensa\\\/anecoop-participa-en-el-prestigioso-foro-canada-blanch\\\/#primaryimage\"},\"thumbnailUrl\":\"https:\\\/\\\/anecoop.com\\\/wp-content\\\/uploads\\\/2025\\\/09\\\/Chocolates-Valor-Anecoop-y-helados-Estiu-4-1.jpg\",\"datePublished\":\"2015-12-03T14:51:08+00:00\",\"dateModified\":\"2025-09-03T16:01:21+00:00\",\"breadcrumb\":{\"@id\":\"https:\\\/\\\/anecoop.com\\\/en\\\/sala-de-prensa\\\/anecoop-participa-en-el-prestigioso-foro-canada-blanch\\\/#breadcrumb\"},\"inLanguage\":\"en-US\",\"potentialAction\":[{\"@type\":\"ReadAction\",\"target\":[\"https:\\\/\\\/anecoop.com\\\/en\\\/sala-de-prensa\\\/anecoop-participa-en-el-prestigioso-foro-canada-blanch\\\/\"]}]},{\"@type\":\"ImageObject\",\"inLanguage\":\"en-US\",\"@id\":\"https:\\\/\\\/anecoop.com\\\/en\\\/sala-de-prensa\\\/anecoop-participa-en-el-prestigioso-foro-canada-blanch\\\/#primaryimage\",\"url\":\"https:\\\/\\\/anecoop.com\\\/wp-content\\\/uploads\\\/2025\\\/09\\\/Chocolates-Valor-Anecoop-y-helados-Estiu-4-1.jpg\",\"contentUrl\":\"https:\\\/\\\/anecoop.com\\\/wp-content\\\/uploads\\\/2025\\\/09\\\/Chocolates-Valor-Anecoop-y-helados-Estiu-4-1.jpg\",\"width\":934,\"height\":622},{\"@type\":\"BreadcrumbList\",\"@id\":\"https:\\\/\\\/anecoop.com\\\/en\\\/sala-de-prensa\\\/anecoop-participa-en-el-prestigioso-foro-canada-blanch\\\/#breadcrumb\",\"itemListElement\":[{\"@type\":\"ListItem\",\"position\":1,\"name\":\"Portada\",\"item\":\"https:\\\/\\\/anecoop.com\\\/en\\\/\"},{\"@type\":\"ListItem\",\"position\":2,\"name\":\"Anecoop participa en el prestigioso Foro Ca\u00f1ada Blanch\"}]},{\"@type\":\"WebSite\",\"@id\":\"https:\\\/\\\/anecoop.com\\\/en\\\/#website\",\"url\":\"https:\\\/\\\/anecoop.com\\\/en\\\/\",\"name\":\"Anecoop\",\"description\":\"Anecoop, la primera empresa hortofrut\u00edcola del mediterr\u00e1neo\",\"publisher\":{\"@id\":\"https:\\\/\\\/anecoop.com\\\/en\\\/#organization\"},\"potentialAction\":[{\"@type\":\"SearchAction\",\"target\":{\"@type\":\"EntryPoint\",\"urlTemplate\":\"https:\\\/\\\/anecoop.com\\\/en\\\/?s={search_term_string}\"},\"query-input\":{\"@type\":\"PropertyValueSpecification\",\"valueRequired\":true,\"valueName\":\"search_term_string\"}}],\"inLanguage\":\"en-US\"},{\"@type\":\"Organization\",\"@id\":\"https:\\\/\\\/anecoop.com\\\/en\\\/#organization\",\"name\":\"Anecoop\",\"url\":\"https:\\\/\\\/anecoop.com\\\/en\\\/\",\"logo\":{\"@type\":\"ImageObject\",\"inLanguage\":\"en-US\",\"@id\":\"https:\\\/\\\/anecoop.com\\\/en\\\/#\\\/schema\\\/logo\\\/image\\\/\",\"url\":\"https:\\\/\\\/anecoop.com\\\/wp-content\\\/uploads\\\/2026\\\/03\\\/HOME-LOGO-DORADO-CENTRAL.webp\",\"contentUrl\":\"https:\\\/\\\/anecoop.com\\\/wp-content\\\/uploads\\\/2026\\\/03\\\/HOME-LOGO-DORADO-CENTRAL.webp\",\"width\":342,\"height\":304,\"caption\":\"Anecoop\"},\"image\":{\"@id\":\"https:\\\/\\\/anecoop.com\\\/en\\\/#\\\/schema\\\/logo\\\/image\\\/\"}},{\"@type\":\"Person\",\"@id\":\"https:\\\/\\\/anecoop.com\\\/en\\\/#\\\/schema\\\/person\\\/7b64504b75e9c1cbae3e67d3bd18dd2f\",\"name\":\"Anecoop\",\"image\":{\"@type\":\"ImageObject\",\"inLanguage\":\"en-US\",\"@id\":\"https:\\\/\\\/secure.gravatar.com\\\/avatar\\\/eb8b27e356d3618b05b67e6e501be73ba11be250334baf9d5254875b60abe619?s=96&d=mm&r=g\",\"url\":\"https:\\\/\\\/secure.gravatar.com\\\/avatar\\\/eb8b27e356d3618b05b67e6e501be73ba11be250334baf9d5254875b60abe619?s=96&d=mm&r=g\",\"contentUrl\":\"https:\\\/\\\/secure.gravatar.com\\\/avatar\\\/eb8b27e356d3618b05b67e6e501be73ba11be250334baf9d5254875b60abe619?s=96&d=mm&r=g\",\"caption\":\"Anecoop\"}}]}<\/script>\n<!-- \/ Yoast SEO plugin. -->","yoast_head_json":{"title":"Anecoop participa en el prestigioso Foro Ca\u00f1ada Blanch - Anecoop","robots":{"index":"index","follow":"follow","max-snippet":"max-snippet:-1","max-image-preview":"max-image-preview:large","max-video-preview":"max-video-preview:-1"},"canonical":"https:\/\/anecoop.com\/en\/sala-de-prensa\/anecoop-participa-en-el-prestigioso-foro-canada-blanch\/","og_locale":"en_US","og_type":"article","og_title":"Anecoop participa en el prestigioso Foro Ca\u00f1ada Blanch - Anecoop","og_description":"El mi\u00e9rcoles 2 de diciembre se inaugur\u00f3 en Valencia el II Foro Ca\u00f1ada Blanch, un foro de debate de dos d\u00edas de duraci\u00f3n que organizan la Fundaci\u00f3n Ca\u00f1ada Blanch en colaboraci\u00f3n con elInstituto Valenciano de Investigaciones Econ\u00f3micas (IVIE)","og_url":"https:\/\/anecoop.com\/en\/sala-de-prensa\/anecoop-participa-en-el-prestigioso-foro-canada-blanch\/","og_site_name":"Anecoop","article_published_time":"2015-12-03T14:51:08+00:00","article_modified_time":"2025-09-03T16:01:21+00:00","og_image":[{"width":934,"height":622,"url":"https:\/\/anecoop.com\/wp-content\/uploads\/2025\/09\/Chocolates-Valor-Anecoop-y-helados-Estiu-4-1.jpg","type":"image\/jpeg"}],"author":"Anecoop","twitter_card":"summary_large_image","twitter_misc":{"Written by":"Anecoop","Est. reading time":"1 minute"},"schema":{"@context":"https:\/\/schema.org","@graph":[{"@type":"Article","@id":"https:\/\/anecoop.com\/en\/sala-de-prensa\/anecoop-participa-en-el-prestigioso-foro-canada-blanch\/#article","isPartOf":{"@id":"https:\/\/anecoop.com\/en\/sala-de-prensa\/anecoop-participa-en-el-prestigioso-foro-canada-blanch\/"},"author":{"name":"Anecoop","@id":"https:\/\/anecoop.com\/en\/#\/schema\/person\/7b64504b75e9c1cbae3e67d3bd18dd2f"},"headline":"Anecoop participa en el prestigioso Foro Ca\u00f1ada Blanch","datePublished":"2015-12-03T14:51:08+00:00","dateModified":"2025-09-03T16:01:21+00:00","mainEntityOfPage":{"@id":"https:\/\/anecoop.com\/en\/sala-de-prensa\/anecoop-participa-en-el-prestigioso-foro-canada-blanch\/"},"wordCount":286,"commentCount":0,"publisher":{"@id":"https:\/\/anecoop.com\/en\/#organization"},"image":{"@id":"https:\/\/anecoop.com\/en\/sala-de-prensa\/anecoop-participa-en-el-prestigioso-foro-canada-blanch\/#primaryimage"},"thumbnailUrl":"https:\/\/anecoop.com\/wp-content\/uploads\/2025\/09\/Chocolates-Valor-Anecoop-y-helados-Estiu-4-1.jpg","articleSection":["Sin categor\u00eda"],"inLanguage":"en-US","potentialAction":[{"@type":"CommentAction","name":"Comment","target":["https:\/\/anecoop.com\/en\/sala-de-prensa\/anecoop-participa-en-el-prestigioso-foro-canada-blanch\/#respond"]}]},{"@type":"WebPage","@id":"https:\/\/anecoop.com\/en\/sala-de-prensa\/anecoop-participa-en-el-prestigioso-foro-canada-blanch\/","url":"https:\/\/anecoop.com\/en\/sala-de-prensa\/anecoop-participa-en-el-prestigioso-foro-canada-blanch\/","name":"Anecoop participa en el prestigioso Foro Ca\u00f1ada Blanch - Anecoop","isPartOf":{"@id":"https:\/\/anecoop.com\/en\/#website"},"primaryImageOfPage":{"@id":"https:\/\/anecoop.com\/en\/sala-de-prensa\/anecoop-participa-en-el-prestigioso-foro-canada-blanch\/#primaryimage"},"image":{"@id":"https:\/\/anecoop.com\/en\/sala-de-prensa\/anecoop-participa-en-el-prestigioso-foro-canada-blanch\/#primaryimage"},"thumbnailUrl":"https:\/\/anecoop.com\/wp-content\/uploads\/2025\/09\/Chocolates-Valor-Anecoop-y-helados-Estiu-4-1.jpg","datePublished":"2015-12-03T14:51:08+00:00","dateModified":"2025-09-03T16:01:21+00:00","breadcrumb":{"@id":"https:\/\/anecoop.com\/en\/sala-de-prensa\/anecoop-participa-en-el-prestigioso-foro-canada-blanch\/#breadcrumb"},"inLanguage":"en-US","potentialAction":[{"@type":"ReadAction","target":["https:\/\/anecoop.com\/en\/sala-de-prensa\/anecoop-participa-en-el-prestigioso-foro-canada-blanch\/"]}]},{"@type":"ImageObject","inLanguage":"en-US","@id":"https:\/\/anecoop.com\/en\/sala-de-prensa\/anecoop-participa-en-el-prestigioso-foro-canada-blanch\/#primaryimage","url":"https:\/\/anecoop.com\/wp-content\/uploads\/2025\/09\/Chocolates-Valor-Anecoop-y-helados-Estiu-4-1.jpg","contentUrl":"https:\/\/anecoop.com\/wp-content\/uploads\/2025\/09\/Chocolates-Valor-Anecoop-y-helados-Estiu-4-1.jpg","width":934,"height":622},{"@type":"BreadcrumbList","@id":"https:\/\/anecoop.com\/en\/sala-de-prensa\/anecoop-participa-en-el-prestigioso-foro-canada-blanch\/#breadcrumb","itemListElement":[{"@type":"ListItem","position":1,"name":"Portada","item":"https:\/\/anecoop.com\/en\/"},{"@type":"ListItem","position":2,"name":"Anecoop participa en el prestigioso Foro Ca\u00f1ada Blanch"}]},{"@type":"WebSite","@id":"https:\/\/anecoop.com\/en\/#website","url":"https:\/\/anecoop.com\/en\/","name":"Anecoop","description":"Anecoop, la primera empresa hortofrut\u00edcola del mediterr\u00e1neo","publisher":{"@id":"https:\/\/anecoop.com\/en\/#organization"},"potentialAction":[{"@type":"SearchAction","target":{"@type":"EntryPoint","urlTemplate":"https:\/\/anecoop.com\/en\/?s={search_term_string}"},"query-input":{"@type":"PropertyValueSpecification","valueRequired":true,"valueName":"search_term_string"}}],"inLanguage":"en-US"},{"@type":"Organization","@id":"https:\/\/anecoop.com\/en\/#organization","name":"Anecoop","url":"https:\/\/anecoop.com\/en\/","logo":{"@type":"ImageObject","inLanguage":"en-US","@id":"https:\/\/anecoop.com\/en\/#\/schema\/logo\/image\/","url":"https:\/\/anecoop.com\/wp-content\/uploads\/2026\/03\/HOME-LOGO-DORADO-CENTRAL.webp","contentUrl":"https:\/\/anecoop.com\/wp-content\/uploads\/2026\/03\/HOME-LOGO-DORADO-CENTRAL.webp","width":342,"height":304,"caption":"Anecoop"},"image":{"@id":"https:\/\/anecoop.com\/en\/#\/schema\/logo\/image\/"}},{"@type":"Person","@id":"https:\/\/anecoop.com\/en\/#\/schema\/person\/7b64504b75e9c1cbae3e67d3bd18dd2f","name":"Anecoop","image":{"@type":"ImageObject","inLanguage":"en-US","@id":"https:\/\/secure.gravatar.com\/avatar\/eb8b27e356d3618b05b67e6e501be73ba11be250334baf9d5254875b60abe619?s=96&d=mm&r=g","url":"https:\/\/secure.gravatar.com\/avatar\/eb8b27e356d3618b05b67e6e501be73ba11be250334baf9d5254875b60abe619?s=96&d=mm&r=g","contentUrl":"https:\/\/secure.gravatar.com\/avatar\/eb8b27e356d3618b05b67e6e501be73ba11be250334baf9d5254875b60abe619?s=96&d=mm&r=g","caption":"Anecoop"}}]}},"_links":{"self":[{"href":"https:\/\/anecoop.com\/en\/wp-json\/wp\/v2\/posts\/2458","targetHints":{"allow":["GET"]}}],"collection":[{"href":"https:\/\/anecoop.com\/en\/wp-json\/wp\/v2\/posts"}],"about":[{"href":"https:\/\/anecoop.com\/en\/wp-json\/wp\/v2\/types\/post"}],"author":[{"embeddable":true,"href":"https:\/\/anecoop.com\/en\/wp-json\/wp\/v2\/users\/4"}],"replies":[{"embeddable":true,"href":"https:\/\/anecoop.com\/en\/wp-json\/wp\/v2\/comments?post=2458"}],"version-history":[{"count":0,"href":"https:\/\/anecoop.com\/en\/wp-json\/wp\/v2\/posts\/2458\/revisions"}],"wp:featuredmedia":[{"embeddable":true,"href":"https:\/\/anecoop.com\/en\/wp-json\/wp\/v2\/media\/1337"}],"wp:attachment":[{"href":"https:\/\/anecoop.com\/en\/wp-json\/wp\/v2\/media?parent=2458"}],"wp:term":[{"taxonomy":"category","embeddable":true,"href":"https:\/\/anecoop.com\/en\/wp-json\/wp\/v2\/categories?post=2458"},{"taxonomy":"post_tag","embeddable":true,"href":"https:\/\/anecoop.com\/en\/wp-json\/wp\/v2\/tags?post=2458"}],"curies":[{"name":"wp","href":"https:\/\/api.w.org\/{rel}","templated":true}]}}