{"id":2462,"date":"2015-10-21T15:34:36","date_gmt":"2015-10-21T13:34:36","guid":{"rendered":"https:\/\/anecoop.com\/el-conseller-de-economia-sostenible-visita-el-campo-de-experiencias-de-anecoop-en-museros\/"},"modified":"2025-09-03T18:01:24","modified_gmt":"2025-09-03T16:01:24","slug":"el-conseller-de-economia-sostenible-visita-el-campo-de-experiencias-de-anecoop-en-museros","status":"publish","type":"post","link":"https:\/\/anecoop.com\/en\/sala-de-prensa\/el-conseller-de-economia-sostenible-visita-el-campo-de-experiencias-de-anecoop-en-museros\/","title":{"rendered":"El conseller de Econom\u00eda Sostenible visita el campo de experiencias de Anecoop en Museros"},"content":{"rendered":"<h2 style=\"text-align: left;\">EL CONSELLER DE ECONOM\u00cdA SOSTENIBLE VISITA EL CAMPO DE EXPERIENCIAS DE ANECOOP EN MUSEROS<\/h2>\n<p style=\"text-align: justify;\"><strong>21\/10\/2015.-<\/strong> El conseller de Econom\u00eda Sostenible, Sectores Productivos, Comercio y Trabajo,\u00a0<strong>Rafael Climent,<\/strong> visit\u00f3 el pasado lunes por la ma\u00f1ana las instalaciones de las cooperativas Consum, Florida Grup Educatiu Cooperatiu y\u00a0<strong>Anecoop\u00a0<\/strong>en compa\u00f1\u00eda del presidente de la Confederaci\u00f3 de Cooperatives de la Comunitat Valenciana,\u00a0<strong>Emili Villaescusa.<\/strong><\/p>\n<p style=\"text-align: justify;\">La realizaci\u00f3n de una serie de visitas a cooperativas de diferentes sectores es un compromiso adquirido por el conseller en el primer encuentro oficial que mantuvo con la Confederaci\u00f3 el pasado mes de julio. El objetivo de esta iniciativa es, en palabras del presidente de la Confederaci\u00f3, \u201cque el conseller conozca en primera persona el cooperativismo valenciano y su pluralidad en cuanto a sectores econ\u00f3micos, tama\u00f1o y territorio\u201d. Cabe recordar que el sector cooperativo valenciano est\u00e1 formado por 2.547 cooperativas, que generan 77.280 empleos directos y un volumen de negocio de m\u00e1s de 18.760 millones de euros.<\/p>\n<p style=\"text-align: justify;\">El Conseller fue recibido por el presidente de Anecoop,\u00a0<strong>Alejandro Monz\u00f3n<\/strong>, por el director general,\u00a0<strong>Joan Mir <\/strong>y por el director de Producci\u00f3n y Desarrollo, <strong>\u00c1ngel del Pino, <\/strong>en el Campo de Experiencias que la cooperativa de segundo grado tiene en Museros (Valencia). Tras mantener una reuni\u00f3n de trabajo para conocer de primera mano las inquietudes del sector cooperativo agr\u00edcola, en la que han participado varios responsables de la Confederaci\u00f3n de Cooperativas y de Anecoop, y recorrer las instalaciones del Campo de Experiencias, el Conseller pudo ver y degustar algunos de los productos de temporada, como el Persimon, las granadas o la clementina Clemensoon.<\/p>\n","protected":false},"excerpt":{"rendered":"<p>El conseller de Econom\u00eda Sostenible, Sectores Productivos, Comercio y Trabajo, Rafael Climent&#8230;<\/p>\n","protected":false},"author":4,"featured_media":1349,"comment_status":"open","ping_status":"closed","sticky":false,"template":"","format":"standard","meta":{"_acf_changed":false,"footnotes":""},"categories":[1],"tags":[],"class_list":["post-2462","post","type-post","status-publish","format-standard","has-post-thumbnail","hentry","category-sin-categoria"],"acf":[],"yoast_head":"<!-- This site is optimized with the Yoast SEO plugin v27.3 - https:\/\/yoast.com\/product\/yoast-seo-wordpress\/ -->\n<title>El conseller de Econom\u00eda Sostenible visita el campo de experiencias de Anecoop en Museros - Anecoop<\/title>\n<meta name=\"robots\" content=\"index, follow, max-snippet:-1, max-image-preview:large, max-video-preview:-1\" \/>\n<link rel=\"canonical\" href=\"https:\/\/anecoop.com\/en\/sala-de-prensa\/el-conseller-de-economia-sostenible-visita-el-campo-de-experiencias-de-anecoop-en-museros\/\" \/>\n<meta property=\"og:locale\" content=\"en_US\" \/>\n<meta property=\"og:type\" content=\"article\" \/>\n<meta property=\"og:title\" content=\"El conseller de Econom\u00eda Sostenible visita el campo de experiencias de Anecoop en Museros - Anecoop\" \/>\n<meta property=\"og:description\" content=\"El conseller de Econom\u00eda Sostenible, Sectores Productivos, Comercio y Trabajo, Rafael Climent...\" \/>\n<meta property=\"og:url\" content=\"https:\/\/anecoop.com\/en\/sala-de-prensa\/el-conseller-de-economia-sostenible-visita-el-campo-de-experiencias-de-anecoop-en-museros\/\" \/>\n<meta property=\"og:site_name\" content=\"Anecoop\" \/>\n<meta property=\"article:published_time\" content=\"2015-10-21T13:34:36+00:00\" \/>\n<meta property=\"article:modified_time\" content=\"2025-09-03T16:01:24+00:00\" \/>\n<meta property=\"og:image\" content=\"https:\/\/anecoop.com\/wp-content\/uploads\/2025\/09\/visita-conseller-economia-1.jpg\" \/>\n\t<meta property=\"og:image:width\" content=\"766\" \/>\n\t<meta property=\"og:image:height\" content=\"530\" \/>\n\t<meta property=\"og:image:type\" content=\"image\/jpeg\" \/>\n<meta name=\"author\" content=\"Anecoop\" \/>\n<meta name=\"twitter:card\" content=\"summary_large_image\" \/>\n<meta name=\"twitter:label1\" content=\"Written by\" \/>\n\t<meta name=\"twitter:data1\" content=\"Anecoop\" \/>\n\t<meta name=\"twitter:label2\" content=\"Est. reading time\" \/>\n\t<meta name=\"twitter:data2\" content=\"1 minute\" \/>\n<script type=\"application\/ld+json\" class=\"yoast-schema-graph\">{\"@context\":\"https:\\\/\\\/schema.org\",\"@graph\":[{\"@type\":\"Article\",\"@id\":\"https:\\\/\\\/anecoop.com\\\/en\\\/sala-de-prensa\\\/el-conseller-de-economia-sostenible-visita-el-campo-de-experiencias-de-anecoop-en-museros\\\/#article\",\"isPartOf\":{\"@id\":\"https:\\\/\\\/anecoop.com\\\/en\\\/sala-de-prensa\\\/el-conseller-de-economia-sostenible-visita-el-campo-de-experiencias-de-anecoop-en-museros\\\/\"},\"author\":{\"name\":\"Anecoop\",\"@id\":\"https:\\\/\\\/anecoop.com\\\/en\\\/#\\\/schema\\\/person\\\/7b64504b75e9c1cbae3e67d3bd18dd2f\"},\"headline\":\"El conseller de Econom\u00eda Sostenible visita el campo de experiencias de Anecoop en Museros\",\"datePublished\":\"2015-10-21T13:34:36+00:00\",\"dateModified\":\"2025-09-03T16:01:24+00:00\",\"mainEntityOfPage\":{\"@id\":\"https:\\\/\\\/anecoop.com\\\/en\\\/sala-de-prensa\\\/el-conseller-de-economia-sostenible-visita-el-campo-de-experiencias-de-anecoop-en-museros\\\/\"},\"wordCount\":287,\"commentCount\":0,\"publisher\":{\"@id\":\"https:\\\/\\\/anecoop.com\\\/en\\\/#organization\"},\"image\":{\"@id\":\"https:\\\/\\\/anecoop.com\\\/en\\\/sala-de-prensa\\\/el-conseller-de-economia-sostenible-visita-el-campo-de-experiencias-de-anecoop-en-museros\\\/#primaryimage\"},\"thumbnailUrl\":\"https:\\\/\\\/anecoop.com\\\/wp-content\\\/uploads\\\/2025\\\/09\\\/visita-conseller-economia-1.jpg\",\"articleSection\":[\"Sin categor\u00eda\"],\"inLanguage\":\"en-US\",\"potentialAction\":[{\"@type\":\"CommentAction\",\"name\":\"Comment\",\"target\":[\"https:\\\/\\\/anecoop.com\\\/en\\\/sala-de-prensa\\\/el-conseller-de-economia-sostenible-visita-el-campo-de-experiencias-de-anecoop-en-museros\\\/#respond\"]}]},{\"@type\":\"WebPage\",\"@id\":\"https:\\\/\\\/anecoop.com\\\/en\\\/sala-de-prensa\\\/el-conseller-de-economia-sostenible-visita-el-campo-de-experiencias-de-anecoop-en-museros\\\/\",\"url\":\"https:\\\/\\\/anecoop.com\\\/en\\\/sala-de-prensa\\\/el-conseller-de-economia-sostenible-visita-el-campo-de-experiencias-de-anecoop-en-museros\\\/\",\"name\":\"El conseller de Econom\u00eda Sostenible visita el campo de experiencias de Anecoop en Museros - Anecoop\",\"isPartOf\":{\"@id\":\"https:\\\/\\\/anecoop.com\\\/en\\\/#website\"},\"primaryImageOfPage\":{\"@id\":\"https:\\\/\\\/anecoop.com\\\/en\\\/sala-de-prensa\\\/el-conseller-de-economia-sostenible-visita-el-campo-de-experiencias-de-anecoop-en-museros\\\/#primaryimage\"},\"image\":{\"@id\":\"https:\\\/\\\/anecoop.com\\\/en\\\/sala-de-prensa\\\/el-conseller-de-economia-sostenible-visita-el-campo-de-experiencias-de-anecoop-en-museros\\\/#primaryimage\"},\"thumbnailUrl\":\"https:\\\/\\\/anecoop.com\\\/wp-content\\\/uploads\\\/2025\\\/09\\\/visita-conseller-economia-1.jpg\",\"datePublished\":\"2015-10-21T13:34:36+00:00\",\"dateModified\":\"2025-09-03T16:01:24+00:00\",\"breadcrumb\":{\"@id\":\"https:\\\/\\\/anecoop.com\\\/en\\\/sala-de-prensa\\\/el-conseller-de-economia-sostenible-visita-el-campo-de-experiencias-de-anecoop-en-museros\\\/#breadcrumb\"},\"inLanguage\":\"en-US\",\"potentialAction\":[{\"@type\":\"ReadAction\",\"target\":[\"https:\\\/\\\/anecoop.com\\\/en\\\/sala-de-prensa\\\/el-conseller-de-economia-sostenible-visita-el-campo-de-experiencias-de-anecoop-en-museros\\\/\"]}]},{\"@type\":\"ImageObject\",\"inLanguage\":\"en-US\",\"@id\":\"https:\\\/\\\/anecoop.com\\\/en\\\/sala-de-prensa\\\/el-conseller-de-economia-sostenible-visita-el-campo-de-experiencias-de-anecoop-en-museros\\\/#primaryimage\",\"url\":\"https:\\\/\\\/anecoop.com\\\/wp-content\\\/uploads\\\/2025\\\/09\\\/visita-conseller-economia-1.jpg\",\"contentUrl\":\"https:\\\/\\\/anecoop.com\\\/wp-content\\\/uploads\\\/2025\\\/09\\\/visita-conseller-economia-1.jpg\",\"width\":766,\"height\":530},{\"@type\":\"BreadcrumbList\",\"@id\":\"https:\\\/\\\/anecoop.com\\\/en\\\/sala-de-prensa\\\/el-conseller-de-economia-sostenible-visita-el-campo-de-experiencias-de-anecoop-en-museros\\\/#breadcrumb\",\"itemListElement\":[{\"@type\":\"ListItem\",\"position\":1,\"name\":\"Portada\",\"item\":\"https:\\\/\\\/anecoop.com\\\/en\\\/\"},{\"@type\":\"ListItem\",\"position\":2,\"name\":\"El conseller de Econom\u00eda Sostenible visita el campo de experiencias de Anecoop en Museros\"}]},{\"@type\":\"WebSite\",\"@id\":\"https:\\\/\\\/anecoop.com\\\/en\\\/#website\",\"url\":\"https:\\\/\\\/anecoop.com\\\/en\\\/\",\"name\":\"Anecoop\",\"description\":\"Anecoop, la primera empresa hortofrut\u00edcola del mediterr\u00e1neo\",\"publisher\":{\"@id\":\"https:\\\/\\\/anecoop.com\\\/en\\\/#organization\"},\"potentialAction\":[{\"@type\":\"SearchAction\",\"target\":{\"@type\":\"EntryPoint\",\"urlTemplate\":\"https:\\\/\\\/anecoop.com\\\/en\\\/?s={search_term_string}\"},\"query-input\":{\"@type\":\"PropertyValueSpecification\",\"valueRequired\":true,\"valueName\":\"search_term_string\"}}],\"inLanguage\":\"en-US\"},{\"@type\":\"Organization\",\"@id\":\"https:\\\/\\\/anecoop.com\\\/en\\\/#organization\",\"name\":\"Anecoop\",\"url\":\"https:\\\/\\\/anecoop.com\\\/en\\\/\",\"logo\":{\"@type\":\"ImageObject\",\"inLanguage\":\"en-US\",\"@id\":\"https:\\\/\\\/anecoop.com\\\/en\\\/#\\\/schema\\\/logo\\\/image\\\/\",\"url\":\"https:\\\/\\\/anecoop.com\\\/wp-content\\\/uploads\\\/2026\\\/03\\\/HOME-LOGO-DORADO-CENTRAL.webp\",\"contentUrl\":\"https:\\\/\\\/anecoop.com\\\/wp-content\\\/uploads\\\/2026\\\/03\\\/HOME-LOGO-DORADO-CENTRAL.webp\",\"width\":342,\"height\":304,\"caption\":\"Anecoop\"},\"image\":{\"@id\":\"https:\\\/\\\/anecoop.com\\\/en\\\/#\\\/schema\\\/logo\\\/image\\\/\"}},{\"@type\":\"Person\",\"@id\":\"https:\\\/\\\/anecoop.com\\\/en\\\/#\\\/schema\\\/person\\\/7b64504b75e9c1cbae3e67d3bd18dd2f\",\"name\":\"Anecoop\",\"image\":{\"@type\":\"ImageObject\",\"inLanguage\":\"en-US\",\"@id\":\"https:\\\/\\\/secure.gravatar.com\\\/avatar\\\/eb8b27e356d3618b05b67e6e501be73ba11be250334baf9d5254875b60abe619?s=96&d=mm&r=g\",\"url\":\"https:\\\/\\\/secure.gravatar.com\\\/avatar\\\/eb8b27e356d3618b05b67e6e501be73ba11be250334baf9d5254875b60abe619?s=96&d=mm&r=g\",\"contentUrl\":\"https:\\\/\\\/secure.gravatar.com\\\/avatar\\\/eb8b27e356d3618b05b67e6e501be73ba11be250334baf9d5254875b60abe619?s=96&d=mm&r=g\",\"caption\":\"Anecoop\"}}]}<\/script>\n<!-- \/ Yoast SEO plugin. -->","yoast_head_json":{"title":"El conseller de Econom\u00eda Sostenible visita el campo de experiencias de Anecoop en Museros - Anecoop","robots":{"index":"index","follow":"follow","max-snippet":"max-snippet:-1","max-image-preview":"max-image-preview:large","max-video-preview":"max-video-preview:-1"},"canonical":"https:\/\/anecoop.com\/en\/sala-de-prensa\/el-conseller-de-economia-sostenible-visita-el-campo-de-experiencias-de-anecoop-en-museros\/","og_locale":"en_US","og_type":"article","og_title":"El conseller de Econom\u00eda Sostenible visita el campo de experiencias de Anecoop en Museros - Anecoop","og_description":"El conseller de Econom\u00eda Sostenible, Sectores Productivos, Comercio y Trabajo, Rafael Climent...","og_url":"https:\/\/anecoop.com\/en\/sala-de-prensa\/el-conseller-de-economia-sostenible-visita-el-campo-de-experiencias-de-anecoop-en-museros\/","og_site_name":"Anecoop","article_published_time":"2015-10-21T13:34:36+00:00","article_modified_time":"2025-09-03T16:01:24+00:00","og_image":[{"width":766,"height":530,"url":"https:\/\/anecoop.com\/wp-content\/uploads\/2025\/09\/visita-conseller-economia-1.jpg","type":"image\/jpeg"}],"author":"Anecoop","twitter_card":"summary_large_image","twitter_misc":{"Written by":"Anecoop","Est. reading time":"1 minute"},"schema":{"@context":"https:\/\/schema.org","@graph":[{"@type":"Article","@id":"https:\/\/anecoop.com\/en\/sala-de-prensa\/el-conseller-de-economia-sostenible-visita-el-campo-de-experiencias-de-anecoop-en-museros\/#article","isPartOf":{"@id":"https:\/\/anecoop.com\/en\/sala-de-prensa\/el-conseller-de-economia-sostenible-visita-el-campo-de-experiencias-de-anecoop-en-museros\/"},"author":{"name":"Anecoop","@id":"https:\/\/anecoop.com\/en\/#\/schema\/person\/7b64504b75e9c1cbae3e67d3bd18dd2f"},"headline":"El conseller de Econom\u00eda Sostenible visita el campo de experiencias de Anecoop en Museros","datePublished":"2015-10-21T13:34:36+00:00","dateModified":"2025-09-03T16:01:24+00:00","mainEntityOfPage":{"@id":"https:\/\/anecoop.com\/en\/sala-de-prensa\/el-conseller-de-economia-sostenible-visita-el-campo-de-experiencias-de-anecoop-en-museros\/"},"wordCount":287,"commentCount":0,"publisher":{"@id":"https:\/\/anecoop.com\/en\/#organization"},"image":{"@id":"https:\/\/anecoop.com\/en\/sala-de-prensa\/el-conseller-de-economia-sostenible-visita-el-campo-de-experiencias-de-anecoop-en-museros\/#primaryimage"},"thumbnailUrl":"https:\/\/anecoop.com\/wp-content\/uploads\/2025\/09\/visita-conseller-economia-1.jpg","articleSection":["Sin categor\u00eda"],"inLanguage":"en-US","potentialAction":[{"@type":"CommentAction","name":"Comment","target":["https:\/\/anecoop.com\/en\/sala-de-prensa\/el-conseller-de-economia-sostenible-visita-el-campo-de-experiencias-de-anecoop-en-museros\/#respond"]}]},{"@type":"WebPage","@id":"https:\/\/anecoop.com\/en\/sala-de-prensa\/el-conseller-de-economia-sostenible-visita-el-campo-de-experiencias-de-anecoop-en-museros\/","url":"https:\/\/anecoop.com\/en\/sala-de-prensa\/el-conseller-de-economia-sostenible-visita-el-campo-de-experiencias-de-anecoop-en-museros\/","name":"El conseller de Econom\u00eda Sostenible visita el campo de experiencias de Anecoop en Museros - Anecoop","isPartOf":{"@id":"https:\/\/anecoop.com\/en\/#website"},"primaryImageOfPage":{"@id":"https:\/\/anecoop.com\/en\/sala-de-prensa\/el-conseller-de-economia-sostenible-visita-el-campo-de-experiencias-de-anecoop-en-museros\/#primaryimage"},"image":{"@id":"https:\/\/anecoop.com\/en\/sala-de-prensa\/el-conseller-de-economia-sostenible-visita-el-campo-de-experiencias-de-anecoop-en-museros\/#primaryimage"},"thumbnailUrl":"https:\/\/anecoop.com\/wp-content\/uploads\/2025\/09\/visita-conseller-economia-1.jpg","datePublished":"2015-10-21T13:34:36+00:00","dateModified":"2025-09-03T16:01:24+00:00","breadcrumb":{"@id":"https:\/\/anecoop.com\/en\/sala-de-prensa\/el-conseller-de-economia-sostenible-visita-el-campo-de-experiencias-de-anecoop-en-museros\/#breadcrumb"},"inLanguage":"en-US","potentialAction":[{"@type":"ReadAction","target":["https:\/\/anecoop.com\/en\/sala-de-prensa\/el-conseller-de-economia-sostenible-visita-el-campo-de-experiencias-de-anecoop-en-museros\/"]}]},{"@type":"ImageObject","inLanguage":"en-US","@id":"https:\/\/anecoop.com\/en\/sala-de-prensa\/el-conseller-de-economia-sostenible-visita-el-campo-de-experiencias-de-anecoop-en-museros\/#primaryimage","url":"https:\/\/anecoop.com\/wp-content\/uploads\/2025\/09\/visita-conseller-economia-1.jpg","contentUrl":"https:\/\/anecoop.com\/wp-content\/uploads\/2025\/09\/visita-conseller-economia-1.jpg","width":766,"height":530},{"@type":"BreadcrumbList","@id":"https:\/\/anecoop.com\/en\/sala-de-prensa\/el-conseller-de-economia-sostenible-visita-el-campo-de-experiencias-de-anecoop-en-museros\/#breadcrumb","itemListElement":[{"@type":"ListItem","position":1,"name":"Portada","item":"https:\/\/anecoop.com\/en\/"},{"@type":"ListItem","position":2,"name":"El conseller de Econom\u00eda Sostenible visita el campo de experiencias de Anecoop en Museros"}]},{"@type":"WebSite","@id":"https:\/\/anecoop.com\/en\/#website","url":"https:\/\/anecoop.com\/en\/","name":"Anecoop","description":"Anecoop, la primera empresa hortofrut\u00edcola del mediterr\u00e1neo","publisher":{"@id":"https:\/\/anecoop.com\/en\/#organization"},"potentialAction":[{"@type":"SearchAction","target":{"@type":"EntryPoint","urlTemplate":"https:\/\/anecoop.com\/en\/?s={search_term_string}"},"query-input":{"@type":"PropertyValueSpecification","valueRequired":true,"valueName":"search_term_string"}}],"inLanguage":"en-US"},{"@type":"Organization","@id":"https:\/\/anecoop.com\/en\/#organization","name":"Anecoop","url":"https:\/\/anecoop.com\/en\/","logo":{"@type":"ImageObject","inLanguage":"en-US","@id":"https:\/\/anecoop.com\/en\/#\/schema\/logo\/image\/","url":"https:\/\/anecoop.com\/wp-content\/uploads\/2026\/03\/HOME-LOGO-DORADO-CENTRAL.webp","contentUrl":"https:\/\/anecoop.com\/wp-content\/uploads\/2026\/03\/HOME-LOGO-DORADO-CENTRAL.webp","width":342,"height":304,"caption":"Anecoop"},"image":{"@id":"https:\/\/anecoop.com\/en\/#\/schema\/logo\/image\/"}},{"@type":"Person","@id":"https:\/\/anecoop.com\/en\/#\/schema\/person\/7b64504b75e9c1cbae3e67d3bd18dd2f","name":"Anecoop","image":{"@type":"ImageObject","inLanguage":"en-US","@id":"https:\/\/secure.gravatar.com\/avatar\/eb8b27e356d3618b05b67e6e501be73ba11be250334baf9d5254875b60abe619?s=96&d=mm&r=g","url":"https:\/\/secure.gravatar.com\/avatar\/eb8b27e356d3618b05b67e6e501be73ba11be250334baf9d5254875b60abe619?s=96&d=mm&r=g","contentUrl":"https:\/\/secure.gravatar.com\/avatar\/eb8b27e356d3618b05b67e6e501be73ba11be250334baf9d5254875b60abe619?s=96&d=mm&r=g","caption":"Anecoop"}}]}},"_links":{"self":[{"href":"https:\/\/anecoop.com\/en\/wp-json\/wp\/v2\/posts\/2462","targetHints":{"allow":["GET"]}}],"collection":[{"href":"https:\/\/anecoop.com\/en\/wp-json\/wp\/v2\/posts"}],"about":[{"href":"https:\/\/anecoop.com\/en\/wp-json\/wp\/v2\/types\/post"}],"author":[{"embeddable":true,"href":"https:\/\/anecoop.com\/en\/wp-json\/wp\/v2\/users\/4"}],"replies":[{"embeddable":true,"href":"https:\/\/anecoop.com\/en\/wp-json\/wp\/v2\/comments?post=2462"}],"version-history":[{"count":0,"href":"https:\/\/anecoop.com\/en\/wp-json\/wp\/v2\/posts\/2462\/revisions"}],"wp:featuredmedia":[{"embeddable":true,"href":"https:\/\/anecoop.com\/en\/wp-json\/wp\/v2\/media\/1349"}],"wp:attachment":[{"href":"https:\/\/anecoop.com\/en\/wp-json\/wp\/v2\/media?parent=2462"}],"wp:term":[{"taxonomy":"category","embeddable":true,"href":"https:\/\/anecoop.com\/en\/wp-json\/wp\/v2\/categories?post=2462"},{"taxonomy":"post_tag","embeddable":true,"href":"https:\/\/anecoop.com\/en\/wp-json\/wp\/v2\/tags?post=2462"}],"curies":[{"name":"wp","href":"https:\/\/api.w.org\/{rel}","templated":true}]}}