{"id":2464,"date":"2015-10-06T15:39:51","date_gmt":"2015-10-06T13:39:51","guid":{"rendered":"https:\/\/anecoop.com\/l-alcudia-acoge-la-ii-media-maraton-del-kaki\/"},"modified":"2025-09-03T18:01:26","modified_gmt":"2025-09-03T16:01:26","slug":"l-alcudia-acoge-la-segunda-media-maraton-del-kaki","status":"publish","type":"post","link":"https:\/\/anecoop.com\/en\/sala-de-prensa\/l-alcudia-acoge-la-segunda-media-maraton-del-kaki\/","title":{"rendered":"L&#8217; Alcudia acoge la II Media Marat\u00f3n del Kaki"},"content":{"rendered":"<h2>L\u2019 ALCUDIA ACOGE LA II MEDIA MARAT\u00d3N DEL KAKI<\/h2>\n<p style=\"text-align: justify;\"><strong>06\/10\/2015.-<\/strong> El 4 de octubre se celebr\u00f3 en la localidad valenciana de l\u2019Alc\u00fadia la II Media Marat\u00f3n del Kaki, una prueba que organizan la Cooperativa Agraria Nuestra Se\u00f1ora del Oreto (CANSO) y Caixa Rural de l\u2019Alc\u00fadia y que este a\u00f1o ha congregado a m\u00e1s de 750 corredores.<\/p>\n<p style=\"text-align: justify;\">Como no pod\u00eda ser de otro modo, los kakis fueron los grandes protagonistas de la jornada, ya que adem\u00e1s de transcurrir el recorrido por distintos campos de cultivo de esta fruta, los participantes y el p\u00fablico disfrutaron de las degustaciones que ofreci\u00f3 la degustaci\u00f3n en forma de kaki fresco cortado, en zumo o en mermelada.<\/p>\n<p style=\"text-align: justify;\">La poblaci\u00f3n de l\u2019Alc\u00fadia y de otras localidades de la comarca se volc\u00f3 para animar a los corredores. Entre el p\u00fablico no faltaron representantes de Anecoop y de CANSO.<\/p>\n","protected":false},"excerpt":{"rendered":"<p>El 4 de octubre se celebr\u00f3 en la localidad valenciana de l\u2019Alc\u00fadia la II Media Marat\u00f3n del Kaki, una prueba que organizan la Cooperativa Agraria Nuestra Se\u00f1ora del Oreto&#8230;.<\/p>\n","protected":false},"author":4,"featured_media":1355,"comment_status":"open","ping_status":"closed","sticky":false,"template":"","format":"standard","meta":{"_acf_changed":false,"footnotes":""},"categories":[1],"tags":[],"class_list":["post-2464","post","type-post","status-publish","format-standard","has-post-thumbnail","hentry","category-sin-categoria"],"acf":[],"yoast_head":"<!-- This site is optimized with the Yoast SEO plugin v27.3 - https:\/\/yoast.com\/product\/yoast-seo-wordpress\/ -->\n<title>L&#039; Alcudia acoge la II Media Marat\u00f3n del Kaki - Anecoop<\/title>\n<meta name=\"robots\" content=\"index, follow, max-snippet:-1, max-image-preview:large, max-video-preview:-1\" \/>\n<link rel=\"canonical\" href=\"https:\/\/anecoop.com\/en\/sala-de-prensa\/l-alcudia-acoge-la-segunda-media-maraton-del-kaki\/\" \/>\n<meta property=\"og:locale\" content=\"en_US\" \/>\n<meta property=\"og:type\" content=\"article\" \/>\n<meta property=\"og:title\" content=\"L&#039; Alcudia acoge la II Media Marat\u00f3n del Kaki - Anecoop\" \/>\n<meta property=\"og:description\" content=\"El 4 de octubre se celebr\u00f3 en la localidad valenciana de l\u2019Alc\u00fadia la II Media Marat\u00f3n del Kaki, una prueba que organizan la Cooperativa Agraria Nuestra Se\u00f1ora del Oreto....\" \/>\n<meta property=\"og:url\" content=\"https:\/\/anecoop.com\/en\/sala-de-prensa\/l-alcudia-acoge-la-segunda-media-maraton-del-kaki\/\" \/>\n<meta property=\"og:site_name\" content=\"Anecoop\" \/>\n<meta property=\"article:published_time\" content=\"2015-10-06T13:39:51+00:00\" \/>\n<meta property=\"article:modified_time\" content=\"2025-09-03T16:01:26+00:00\" \/>\n<meta property=\"og:image\" content=\"https:\/\/anecoop.com\/wp-content\/uploads\/2025\/09\/media-maraton-kaki-1.jpg\" \/>\n\t<meta property=\"og:image:width\" content=\"766\" \/>\n\t<meta property=\"og:image:height\" content=\"530\" \/>\n\t<meta property=\"og:image:type\" content=\"image\/jpeg\" \/>\n<meta name=\"author\" content=\"Anecoop\" \/>\n<meta name=\"twitter:card\" content=\"summary_large_image\" \/>\n<meta name=\"twitter:label1\" content=\"Written by\" \/>\n\t<meta name=\"twitter:data1\" content=\"Anecoop\" \/>\n\t<meta name=\"twitter:label2\" content=\"Est. reading time\" \/>\n\t<meta name=\"twitter:data2\" content=\"1 minute\" \/>\n<script type=\"application\/ld+json\" class=\"yoast-schema-graph\">{\"@context\":\"https:\\\/\\\/schema.org\",\"@graph\":[{\"@type\":\"Article\",\"@id\":\"https:\\\/\\\/anecoop.com\\\/en\\\/sala-de-prensa\\\/l-alcudia-acoge-la-segunda-media-maraton-del-kaki\\\/#article\",\"isPartOf\":{\"@id\":\"https:\\\/\\\/anecoop.com\\\/en\\\/sala-de-prensa\\\/l-alcudia-acoge-la-segunda-media-maraton-del-kaki\\\/\"},\"author\":{\"name\":\"Anecoop\",\"@id\":\"https:\\\/\\\/anecoop.com\\\/en\\\/#\\\/schema\\\/person\\\/7b64504b75e9c1cbae3e67d3bd18dd2f\"},\"headline\":\"L&#8217; Alcudia acoge la II Media Marat\u00f3n del Kaki\",\"datePublished\":\"2015-10-06T13:39:51+00:00\",\"dateModified\":\"2025-09-03T16:01:26+00:00\",\"mainEntityOfPage\":{\"@id\":\"https:\\\/\\\/anecoop.com\\\/en\\\/sala-de-prensa\\\/l-alcudia-acoge-la-segunda-media-maraton-del-kaki\\\/\"},\"wordCount\":165,\"commentCount\":0,\"publisher\":{\"@id\":\"https:\\\/\\\/anecoop.com\\\/en\\\/#organization\"},\"image\":{\"@id\":\"https:\\\/\\\/anecoop.com\\\/en\\\/sala-de-prensa\\\/l-alcudia-acoge-la-segunda-media-maraton-del-kaki\\\/#primaryimage\"},\"thumbnailUrl\":\"https:\\\/\\\/anecoop.com\\\/wp-content\\\/uploads\\\/2025\\\/09\\\/media-maraton-kaki-1.jpg\",\"articleSection\":[\"Sin categor\u00eda\"],\"inLanguage\":\"en-US\",\"potentialAction\":[{\"@type\":\"CommentAction\",\"name\":\"Comment\",\"target\":[\"https:\\\/\\\/anecoop.com\\\/en\\\/sala-de-prensa\\\/l-alcudia-acoge-la-segunda-media-maraton-del-kaki\\\/#respond\"]}]},{\"@type\":\"WebPage\",\"@id\":\"https:\\\/\\\/anecoop.com\\\/en\\\/sala-de-prensa\\\/l-alcudia-acoge-la-segunda-media-maraton-del-kaki\\\/\",\"url\":\"https:\\\/\\\/anecoop.com\\\/en\\\/sala-de-prensa\\\/l-alcudia-acoge-la-segunda-media-maraton-del-kaki\\\/\",\"name\":\"L' Alcudia acoge la II Media Marat\u00f3n del Kaki - Anecoop\",\"isPartOf\":{\"@id\":\"https:\\\/\\\/anecoop.com\\\/en\\\/#website\"},\"primaryImageOfPage\":{\"@id\":\"https:\\\/\\\/anecoop.com\\\/en\\\/sala-de-prensa\\\/l-alcudia-acoge-la-segunda-media-maraton-del-kaki\\\/#primaryimage\"},\"image\":{\"@id\":\"https:\\\/\\\/anecoop.com\\\/en\\\/sala-de-prensa\\\/l-alcudia-acoge-la-segunda-media-maraton-del-kaki\\\/#primaryimage\"},\"thumbnailUrl\":\"https:\\\/\\\/anecoop.com\\\/wp-content\\\/uploads\\\/2025\\\/09\\\/media-maraton-kaki-1.jpg\",\"datePublished\":\"2015-10-06T13:39:51+00:00\",\"dateModified\":\"2025-09-03T16:01:26+00:00\",\"breadcrumb\":{\"@id\":\"https:\\\/\\\/anecoop.com\\\/en\\\/sala-de-prensa\\\/l-alcudia-acoge-la-segunda-media-maraton-del-kaki\\\/#breadcrumb\"},\"inLanguage\":\"en-US\",\"potentialAction\":[{\"@type\":\"ReadAction\",\"target\":[\"https:\\\/\\\/anecoop.com\\\/en\\\/sala-de-prensa\\\/l-alcudia-acoge-la-segunda-media-maraton-del-kaki\\\/\"]}]},{\"@type\":\"ImageObject\",\"inLanguage\":\"en-US\",\"@id\":\"https:\\\/\\\/anecoop.com\\\/en\\\/sala-de-prensa\\\/l-alcudia-acoge-la-segunda-media-maraton-del-kaki\\\/#primaryimage\",\"url\":\"https:\\\/\\\/anecoop.com\\\/wp-content\\\/uploads\\\/2025\\\/09\\\/media-maraton-kaki-1.jpg\",\"contentUrl\":\"https:\\\/\\\/anecoop.com\\\/wp-content\\\/uploads\\\/2025\\\/09\\\/media-maraton-kaki-1.jpg\",\"width\":766,\"height\":530},{\"@type\":\"BreadcrumbList\",\"@id\":\"https:\\\/\\\/anecoop.com\\\/en\\\/sala-de-prensa\\\/l-alcudia-acoge-la-segunda-media-maraton-del-kaki\\\/#breadcrumb\",\"itemListElement\":[{\"@type\":\"ListItem\",\"position\":1,\"name\":\"Portada\",\"item\":\"https:\\\/\\\/anecoop.com\\\/en\\\/\"},{\"@type\":\"ListItem\",\"position\":2,\"name\":\"L&#8217; Alcudia acoge la II Media Marat\u00f3n del Kaki\"}]},{\"@type\":\"WebSite\",\"@id\":\"https:\\\/\\\/anecoop.com\\\/en\\\/#website\",\"url\":\"https:\\\/\\\/anecoop.com\\\/en\\\/\",\"name\":\"Anecoop\",\"description\":\"Anecoop, la primera empresa hortofrut\u00edcola del mediterr\u00e1neo\",\"publisher\":{\"@id\":\"https:\\\/\\\/anecoop.com\\\/en\\\/#organization\"},\"potentialAction\":[{\"@type\":\"SearchAction\",\"target\":{\"@type\":\"EntryPoint\",\"urlTemplate\":\"https:\\\/\\\/anecoop.com\\\/en\\\/?s={search_term_string}\"},\"query-input\":{\"@type\":\"PropertyValueSpecification\",\"valueRequired\":true,\"valueName\":\"search_term_string\"}}],\"inLanguage\":\"en-US\"},{\"@type\":\"Organization\",\"@id\":\"https:\\\/\\\/anecoop.com\\\/en\\\/#organization\",\"name\":\"Anecoop\",\"url\":\"https:\\\/\\\/anecoop.com\\\/en\\\/\",\"logo\":{\"@type\":\"ImageObject\",\"inLanguage\":\"en-US\",\"@id\":\"https:\\\/\\\/anecoop.com\\\/en\\\/#\\\/schema\\\/logo\\\/image\\\/\",\"url\":\"https:\\\/\\\/anecoop.com\\\/wp-content\\\/uploads\\\/2026\\\/03\\\/HOME-LOGO-DORADO-CENTRAL.webp\",\"contentUrl\":\"https:\\\/\\\/anecoop.com\\\/wp-content\\\/uploads\\\/2026\\\/03\\\/HOME-LOGO-DORADO-CENTRAL.webp\",\"width\":342,\"height\":304,\"caption\":\"Anecoop\"},\"image\":{\"@id\":\"https:\\\/\\\/anecoop.com\\\/en\\\/#\\\/schema\\\/logo\\\/image\\\/\"}},{\"@type\":\"Person\",\"@id\":\"https:\\\/\\\/anecoop.com\\\/en\\\/#\\\/schema\\\/person\\\/7b64504b75e9c1cbae3e67d3bd18dd2f\",\"name\":\"Anecoop\",\"image\":{\"@type\":\"ImageObject\",\"inLanguage\":\"en-US\",\"@id\":\"https:\\\/\\\/secure.gravatar.com\\\/avatar\\\/eb8b27e356d3618b05b67e6e501be73ba11be250334baf9d5254875b60abe619?s=96&d=mm&r=g\",\"url\":\"https:\\\/\\\/secure.gravatar.com\\\/avatar\\\/eb8b27e356d3618b05b67e6e501be73ba11be250334baf9d5254875b60abe619?s=96&d=mm&r=g\",\"contentUrl\":\"https:\\\/\\\/secure.gravatar.com\\\/avatar\\\/eb8b27e356d3618b05b67e6e501be73ba11be250334baf9d5254875b60abe619?s=96&d=mm&r=g\",\"caption\":\"Anecoop\"}}]}<\/script>\n<!-- \/ Yoast SEO plugin. -->","yoast_head_json":{"title":"L' Alcudia acoge la II Media Marat\u00f3n del Kaki - Anecoop","robots":{"index":"index","follow":"follow","max-snippet":"max-snippet:-1","max-image-preview":"max-image-preview:large","max-video-preview":"max-video-preview:-1"},"canonical":"https:\/\/anecoop.com\/en\/sala-de-prensa\/l-alcudia-acoge-la-segunda-media-maraton-del-kaki\/","og_locale":"en_US","og_type":"article","og_title":"L' Alcudia acoge la II Media Marat\u00f3n del Kaki - Anecoop","og_description":"El 4 de octubre se celebr\u00f3 en la localidad valenciana de l\u2019Alc\u00fadia la II Media Marat\u00f3n del Kaki, una prueba que organizan la Cooperativa Agraria Nuestra Se\u00f1ora del Oreto....","og_url":"https:\/\/anecoop.com\/en\/sala-de-prensa\/l-alcudia-acoge-la-segunda-media-maraton-del-kaki\/","og_site_name":"Anecoop","article_published_time":"2015-10-06T13:39:51+00:00","article_modified_time":"2025-09-03T16:01:26+00:00","og_image":[{"width":766,"height":530,"url":"https:\/\/anecoop.com\/wp-content\/uploads\/2025\/09\/media-maraton-kaki-1.jpg","type":"image\/jpeg"}],"author":"Anecoop","twitter_card":"summary_large_image","twitter_misc":{"Written by":"Anecoop","Est. reading time":"1 minute"},"schema":{"@context":"https:\/\/schema.org","@graph":[{"@type":"Article","@id":"https:\/\/anecoop.com\/en\/sala-de-prensa\/l-alcudia-acoge-la-segunda-media-maraton-del-kaki\/#article","isPartOf":{"@id":"https:\/\/anecoop.com\/en\/sala-de-prensa\/l-alcudia-acoge-la-segunda-media-maraton-del-kaki\/"},"author":{"name":"Anecoop","@id":"https:\/\/anecoop.com\/en\/#\/schema\/person\/7b64504b75e9c1cbae3e67d3bd18dd2f"},"headline":"L&#8217; Alcudia acoge la II Media Marat\u00f3n del Kaki","datePublished":"2015-10-06T13:39:51+00:00","dateModified":"2025-09-03T16:01:26+00:00","mainEntityOfPage":{"@id":"https:\/\/anecoop.com\/en\/sala-de-prensa\/l-alcudia-acoge-la-segunda-media-maraton-del-kaki\/"},"wordCount":165,"commentCount":0,"publisher":{"@id":"https:\/\/anecoop.com\/en\/#organization"},"image":{"@id":"https:\/\/anecoop.com\/en\/sala-de-prensa\/l-alcudia-acoge-la-segunda-media-maraton-del-kaki\/#primaryimage"},"thumbnailUrl":"https:\/\/anecoop.com\/wp-content\/uploads\/2025\/09\/media-maraton-kaki-1.jpg","articleSection":["Sin categor\u00eda"],"inLanguage":"en-US","potentialAction":[{"@type":"CommentAction","name":"Comment","target":["https:\/\/anecoop.com\/en\/sala-de-prensa\/l-alcudia-acoge-la-segunda-media-maraton-del-kaki\/#respond"]}]},{"@type":"WebPage","@id":"https:\/\/anecoop.com\/en\/sala-de-prensa\/l-alcudia-acoge-la-segunda-media-maraton-del-kaki\/","url":"https:\/\/anecoop.com\/en\/sala-de-prensa\/l-alcudia-acoge-la-segunda-media-maraton-del-kaki\/","name":"L' Alcudia acoge la II Media Marat\u00f3n del Kaki - Anecoop","isPartOf":{"@id":"https:\/\/anecoop.com\/en\/#website"},"primaryImageOfPage":{"@id":"https:\/\/anecoop.com\/en\/sala-de-prensa\/l-alcudia-acoge-la-segunda-media-maraton-del-kaki\/#primaryimage"},"image":{"@id":"https:\/\/anecoop.com\/en\/sala-de-prensa\/l-alcudia-acoge-la-segunda-media-maraton-del-kaki\/#primaryimage"},"thumbnailUrl":"https:\/\/anecoop.com\/wp-content\/uploads\/2025\/09\/media-maraton-kaki-1.jpg","datePublished":"2015-10-06T13:39:51+00:00","dateModified":"2025-09-03T16:01:26+00:00","breadcrumb":{"@id":"https:\/\/anecoop.com\/en\/sala-de-prensa\/l-alcudia-acoge-la-segunda-media-maraton-del-kaki\/#breadcrumb"},"inLanguage":"en-US","potentialAction":[{"@type":"ReadAction","target":["https:\/\/anecoop.com\/en\/sala-de-prensa\/l-alcudia-acoge-la-segunda-media-maraton-del-kaki\/"]}]},{"@type":"ImageObject","inLanguage":"en-US","@id":"https:\/\/anecoop.com\/en\/sala-de-prensa\/l-alcudia-acoge-la-segunda-media-maraton-del-kaki\/#primaryimage","url":"https:\/\/anecoop.com\/wp-content\/uploads\/2025\/09\/media-maraton-kaki-1.jpg","contentUrl":"https:\/\/anecoop.com\/wp-content\/uploads\/2025\/09\/media-maraton-kaki-1.jpg","width":766,"height":530},{"@type":"BreadcrumbList","@id":"https:\/\/anecoop.com\/en\/sala-de-prensa\/l-alcudia-acoge-la-segunda-media-maraton-del-kaki\/#breadcrumb","itemListElement":[{"@type":"ListItem","position":1,"name":"Portada","item":"https:\/\/anecoop.com\/en\/"},{"@type":"ListItem","position":2,"name":"L&#8217; Alcudia acoge la II Media Marat\u00f3n del Kaki"}]},{"@type":"WebSite","@id":"https:\/\/anecoop.com\/en\/#website","url":"https:\/\/anecoop.com\/en\/","name":"Anecoop","description":"Anecoop, la primera empresa hortofrut\u00edcola del mediterr\u00e1neo","publisher":{"@id":"https:\/\/anecoop.com\/en\/#organization"},"potentialAction":[{"@type":"SearchAction","target":{"@type":"EntryPoint","urlTemplate":"https:\/\/anecoop.com\/en\/?s={search_term_string}"},"query-input":{"@type":"PropertyValueSpecification","valueRequired":true,"valueName":"search_term_string"}}],"inLanguage":"en-US"},{"@type":"Organization","@id":"https:\/\/anecoop.com\/en\/#organization","name":"Anecoop","url":"https:\/\/anecoop.com\/en\/","logo":{"@type":"ImageObject","inLanguage":"en-US","@id":"https:\/\/anecoop.com\/en\/#\/schema\/logo\/image\/","url":"https:\/\/anecoop.com\/wp-content\/uploads\/2026\/03\/HOME-LOGO-DORADO-CENTRAL.webp","contentUrl":"https:\/\/anecoop.com\/wp-content\/uploads\/2026\/03\/HOME-LOGO-DORADO-CENTRAL.webp","width":342,"height":304,"caption":"Anecoop"},"image":{"@id":"https:\/\/anecoop.com\/en\/#\/schema\/logo\/image\/"}},{"@type":"Person","@id":"https:\/\/anecoop.com\/en\/#\/schema\/person\/7b64504b75e9c1cbae3e67d3bd18dd2f","name":"Anecoop","image":{"@type":"ImageObject","inLanguage":"en-US","@id":"https:\/\/secure.gravatar.com\/avatar\/eb8b27e356d3618b05b67e6e501be73ba11be250334baf9d5254875b60abe619?s=96&d=mm&r=g","url":"https:\/\/secure.gravatar.com\/avatar\/eb8b27e356d3618b05b67e6e501be73ba11be250334baf9d5254875b60abe619?s=96&d=mm&r=g","contentUrl":"https:\/\/secure.gravatar.com\/avatar\/eb8b27e356d3618b05b67e6e501be73ba11be250334baf9d5254875b60abe619?s=96&d=mm&r=g","caption":"Anecoop"}}]}},"_links":{"self":[{"href":"https:\/\/anecoop.com\/en\/wp-json\/wp\/v2\/posts\/2464","targetHints":{"allow":["GET"]}}],"collection":[{"href":"https:\/\/anecoop.com\/en\/wp-json\/wp\/v2\/posts"}],"about":[{"href":"https:\/\/anecoop.com\/en\/wp-json\/wp\/v2\/types\/post"}],"author":[{"embeddable":true,"href":"https:\/\/anecoop.com\/en\/wp-json\/wp\/v2\/users\/4"}],"replies":[{"embeddable":true,"href":"https:\/\/anecoop.com\/en\/wp-json\/wp\/v2\/comments?post=2464"}],"version-history":[{"count":0,"href":"https:\/\/anecoop.com\/en\/wp-json\/wp\/v2\/posts\/2464\/revisions"}],"wp:featuredmedia":[{"embeddable":true,"href":"https:\/\/anecoop.com\/en\/wp-json\/wp\/v2\/media\/1355"}],"wp:attachment":[{"href":"https:\/\/anecoop.com\/en\/wp-json\/wp\/v2\/media?parent=2464"}],"wp:term":[{"taxonomy":"category","embeddable":true,"href":"https:\/\/anecoop.com\/en\/wp-json\/wp\/v2\/categories?post=2464"},{"taxonomy":"post_tag","embeddable":true,"href":"https:\/\/anecoop.com\/en\/wp-json\/wp\/v2\/tags?post=2464"}],"curies":[{"name":"wp","href":"https:\/\/api.w.org\/{rel}","templated":true}]}}