{"id":2465,"date":"2015-10-01T15:46:45","date_gmt":"2015-10-01T13:46:45","guid":{"rendered":"https:\/\/anecoop.com\/coprohnijar-reconoce-la-labor-de-anecoop-en-sus-xxvi-jornadas-tecnicas\/"},"modified":"2025-09-03T18:01:27","modified_gmt":"2025-09-03T16:01:27","slug":"coprohnijar-reconoce-la-labor-de-anecoop-en-sus-xxvi-jornadas-tecnicas","status":"publish","type":"post","link":"https:\/\/anecoop.com\/en\/sala-de-prensa\/coprohnijar-reconoce-la-labor-de-anecoop-en-sus-xxvi-jornadas-tecnicas\/","title":{"rendered":"Coprohn\u00edjar reconoce la labor de Anecoop en sus XXVI Jornadas T\u00e9cnicas"},"content":{"rendered":"<h2>COPROHN\u00cdJAR RECONOCE LA LABOR DE ANECOOP EN SUS XXVI JORNADAS T\u00c9CNICAS<\/h2>\n<p>.<\/p>\n<p style=\"text-align: justify;\"><strong>1\/10\/2015.-<\/strong> El pasado domingo 27 de septiembre la cooperativa socia de Anecoop, Coprohn\u00edjar, celebr\u00f3 la 26\u00aa edici\u00f3n de sus Jornadas Cooperativas, unas jornadas que contaron con la participaci\u00f3n de cerca de 700 personas entre empleados, socios, colaboradores, amigos y familiares. Las cooperativas almerienses Hortamar y Camposol, tambi\u00e9n socias de Anecoop, figuraban entre los asistentes.<\/p>\n<p style=\"text-align: justify;\">Inaugur\u00f3 el encuentro el director general de Industrias y Cadena Agroalimentaria de la Consejer\u00eda de Agricultura de la Junta de Andaluc\u00eda, <strong>D. Rafael Peral Sorroche<\/strong>. Tras su discurso, intervino el director general de Anecoop, <strong>Joan Mir<\/strong>, con la conferencia \u201cSituaci\u00f3n actual del Comercio Internacional de Frutas y Hortalizas\u201d. Posteriormente, el presidente de Coprohn\u00edjar, <strong>Juan Segura Morales<\/strong>, y el director comercial, <strong>Miguel P\u00e9rez<\/strong>, expusieron la situaci\u00f3n de la cooperativa, proyectos actuales y de futuro y resultados del ejercicio, con una facturaci\u00f3n a favor de los socios que ha registrado un 11% de crecimiento con respecto a la campa\u00f1a anterior, seg\u00fan apunta el diario \u201cLa Voz de Almer\u00eda\u201d. Igualmente positivos han sido los resultados en volumen, valor y precios.<\/p>\n<p style=\"text-align: justify;\"><strong>Emilio P\u00e9rez<\/strong>, responsable del departamento t\u00e9cnico de Coprohn\u00edjar, fue el encargado de exponer las nuevas variedades en las que se est\u00e1 trabajando y cu\u00e1les son las exigencias del mercado en la actualidad. Tras su intervenci\u00f3n, clausur\u00f3 las jornadas la alcaldesa de N\u00edjar,<br \/>\n<strong>D\u00f1a. Esperanza P\u00e9rez Felices. <\/strong><\/p>\n<p style=\"text-align: justify;\">Durante el encuentro se hizo entrega a Miguel P\u00e9rez de la medalla de Coprohn\u00edjar por sus 25 a\u00f1os de trabajo y dedicaci\u00f3n a la cooperativa y se reconoci\u00f3 la labor de cuatro instituciones muy importantes en el desarrollo de Coprohn\u00edjar: Consejer\u00eda de Agricultura de la Junta de Andaluc\u00eda, Ayuntamiento de N\u00edjar, Cajamar y Anecoop<\/p>\n","protected":false},"excerpt":{"rendered":"<p>El pasado domingo 27 de septiembre la cooperativa socia de Anecoop, Coprohn\u00edjar, celebr\u00f3 la 26\u00aa edici\u00f3n de sus Jornadas Cooperativas<\/p>\n","protected":false},"author":4,"featured_media":1358,"comment_status":"open","ping_status":"closed","sticky":false,"template":"","format":"standard","meta":{"_acf_changed":false,"footnotes":""},"categories":[1],"tags":[],"class_list":["post-2465","post","type-post","status-publish","format-standard","has-post-thumbnail","hentry","category-sin-categoria"],"acf":[],"yoast_head":"<!-- This site is optimized with the Yoast SEO plugin v27.3 - https:\/\/yoast.com\/product\/yoast-seo-wordpress\/ -->\n<title>Coprohn\u00edjar reconoce la labor de Anecoop en sus XXVI Jornadas T\u00e9cnicas - Anecoop<\/title>\n<meta name=\"robots\" content=\"index, follow, max-snippet:-1, max-image-preview:large, max-video-preview:-1\" \/>\n<link rel=\"canonical\" href=\"https:\/\/anecoop.com\/en\/sala-de-prensa\/coprohnijar-reconoce-la-labor-de-anecoop-en-sus-xxvi-jornadas-tecnicas\/\" \/>\n<meta property=\"og:locale\" content=\"en_US\" \/>\n<meta property=\"og:type\" content=\"article\" \/>\n<meta property=\"og:title\" content=\"Coprohn\u00edjar reconoce la labor de Anecoop en sus XXVI Jornadas T\u00e9cnicas - Anecoop\" \/>\n<meta property=\"og:description\" content=\"El pasado domingo 27 de septiembre la cooperativa socia de Anecoop, Coprohn\u00edjar, celebr\u00f3 la 26\u00aa edici\u00f3n de sus Jornadas Cooperativas\" \/>\n<meta property=\"og:url\" content=\"https:\/\/anecoop.com\/en\/sala-de-prensa\/coprohnijar-reconoce-la-labor-de-anecoop-en-sus-xxvi-jornadas-tecnicas\/\" \/>\n<meta property=\"og:site_name\" content=\"Anecoop\" \/>\n<meta property=\"article:published_time\" content=\"2015-10-01T13:46:45+00:00\" \/>\n<meta property=\"article:modified_time\" content=\"2025-09-03T16:01:27+00:00\" \/>\n<meta property=\"og:image\" content=\"https:\/\/anecoop.com\/wp-content\/uploads\/2025\/09\/Grupo-1-1.jpg\" \/>\n\t<meta property=\"og:image:width\" content=\"638\" \/>\n\t<meta property=\"og:image:height\" content=\"416\" \/>\n\t<meta property=\"og:image:type\" content=\"image\/jpeg\" \/>\n<meta name=\"author\" content=\"Anecoop\" \/>\n<meta name=\"twitter:card\" content=\"summary_large_image\" \/>\n<meta name=\"twitter:label1\" content=\"Written by\" \/>\n\t<meta name=\"twitter:data1\" content=\"Anecoop\" \/>\n\t<meta name=\"twitter:label2\" content=\"Est. reading time\" \/>\n\t<meta name=\"twitter:data2\" content=\"2 minutes\" \/>\n<script type=\"application\/ld+json\" class=\"yoast-schema-graph\">{\"@context\":\"https:\\\/\\\/schema.org\",\"@graph\":[{\"@type\":\"Article\",\"@id\":\"https:\\\/\\\/anecoop.com\\\/en\\\/sala-de-prensa\\\/coprohnijar-reconoce-la-labor-de-anecoop-en-sus-xxvi-jornadas-tecnicas\\\/#article\",\"isPartOf\":{\"@id\":\"https:\\\/\\\/anecoop.com\\\/en\\\/sala-de-prensa\\\/coprohnijar-reconoce-la-labor-de-anecoop-en-sus-xxvi-jornadas-tecnicas\\\/\"},\"author\":{\"name\":\"Anecoop\",\"@id\":\"https:\\\/\\\/anecoop.com\\\/en\\\/#\\\/schema\\\/person\\\/7b64504b75e9c1cbae3e67d3bd18dd2f\"},\"headline\":\"Coprohn\u00edjar reconoce la labor de Anecoop en sus XXVI Jornadas T\u00e9cnicas\",\"datePublished\":\"2015-10-01T13:46:45+00:00\",\"dateModified\":\"2025-09-03T16:01:27+00:00\",\"mainEntityOfPage\":{\"@id\":\"https:\\\/\\\/anecoop.com\\\/en\\\/sala-de-prensa\\\/coprohnijar-reconoce-la-labor-de-anecoop-en-sus-xxvi-jornadas-tecnicas\\\/\"},\"wordCount\":322,\"commentCount\":0,\"publisher\":{\"@id\":\"https:\\\/\\\/anecoop.com\\\/en\\\/#organization\"},\"image\":{\"@id\":\"https:\\\/\\\/anecoop.com\\\/en\\\/sala-de-prensa\\\/coprohnijar-reconoce-la-labor-de-anecoop-en-sus-xxvi-jornadas-tecnicas\\\/#primaryimage\"},\"thumbnailUrl\":\"https:\\\/\\\/anecoop.com\\\/wp-content\\\/uploads\\\/2025\\\/09\\\/Grupo-1-1.jpg\",\"articleSection\":[\"Sin categor\u00eda\"],\"inLanguage\":\"en-US\",\"potentialAction\":[{\"@type\":\"CommentAction\",\"name\":\"Comment\",\"target\":[\"https:\\\/\\\/anecoop.com\\\/en\\\/sala-de-prensa\\\/coprohnijar-reconoce-la-labor-de-anecoop-en-sus-xxvi-jornadas-tecnicas\\\/#respond\"]}]},{\"@type\":\"WebPage\",\"@id\":\"https:\\\/\\\/anecoop.com\\\/en\\\/sala-de-prensa\\\/coprohnijar-reconoce-la-labor-de-anecoop-en-sus-xxvi-jornadas-tecnicas\\\/\",\"url\":\"https:\\\/\\\/anecoop.com\\\/en\\\/sala-de-prensa\\\/coprohnijar-reconoce-la-labor-de-anecoop-en-sus-xxvi-jornadas-tecnicas\\\/\",\"name\":\"Coprohn\u00edjar reconoce la labor de Anecoop en sus XXVI Jornadas T\u00e9cnicas - Anecoop\",\"isPartOf\":{\"@id\":\"https:\\\/\\\/anecoop.com\\\/en\\\/#website\"},\"primaryImageOfPage\":{\"@id\":\"https:\\\/\\\/anecoop.com\\\/en\\\/sala-de-prensa\\\/coprohnijar-reconoce-la-labor-de-anecoop-en-sus-xxvi-jornadas-tecnicas\\\/#primaryimage\"},\"image\":{\"@id\":\"https:\\\/\\\/anecoop.com\\\/en\\\/sala-de-prensa\\\/coprohnijar-reconoce-la-labor-de-anecoop-en-sus-xxvi-jornadas-tecnicas\\\/#primaryimage\"},\"thumbnailUrl\":\"https:\\\/\\\/anecoop.com\\\/wp-content\\\/uploads\\\/2025\\\/09\\\/Grupo-1-1.jpg\",\"datePublished\":\"2015-10-01T13:46:45+00:00\",\"dateModified\":\"2025-09-03T16:01:27+00:00\",\"breadcrumb\":{\"@id\":\"https:\\\/\\\/anecoop.com\\\/en\\\/sala-de-prensa\\\/coprohnijar-reconoce-la-labor-de-anecoop-en-sus-xxvi-jornadas-tecnicas\\\/#breadcrumb\"},\"inLanguage\":\"en-US\",\"potentialAction\":[{\"@type\":\"ReadAction\",\"target\":[\"https:\\\/\\\/anecoop.com\\\/en\\\/sala-de-prensa\\\/coprohnijar-reconoce-la-labor-de-anecoop-en-sus-xxvi-jornadas-tecnicas\\\/\"]}]},{\"@type\":\"ImageObject\",\"inLanguage\":\"en-US\",\"@id\":\"https:\\\/\\\/anecoop.com\\\/en\\\/sala-de-prensa\\\/coprohnijar-reconoce-la-labor-de-anecoop-en-sus-xxvi-jornadas-tecnicas\\\/#primaryimage\",\"url\":\"https:\\\/\\\/anecoop.com\\\/wp-content\\\/uploads\\\/2025\\\/09\\\/Grupo-1-1.jpg\",\"contentUrl\":\"https:\\\/\\\/anecoop.com\\\/wp-content\\\/uploads\\\/2025\\\/09\\\/Grupo-1-1.jpg\",\"width\":638,\"height\":416},{\"@type\":\"BreadcrumbList\",\"@id\":\"https:\\\/\\\/anecoop.com\\\/en\\\/sala-de-prensa\\\/coprohnijar-reconoce-la-labor-de-anecoop-en-sus-xxvi-jornadas-tecnicas\\\/#breadcrumb\",\"itemListElement\":[{\"@type\":\"ListItem\",\"position\":1,\"name\":\"Portada\",\"item\":\"https:\\\/\\\/anecoop.com\\\/en\\\/\"},{\"@type\":\"ListItem\",\"position\":2,\"name\":\"Coprohn\u00edjar reconoce la labor de Anecoop en sus XXVI Jornadas T\u00e9cnicas\"}]},{\"@type\":\"WebSite\",\"@id\":\"https:\\\/\\\/anecoop.com\\\/en\\\/#website\",\"url\":\"https:\\\/\\\/anecoop.com\\\/en\\\/\",\"name\":\"Anecoop\",\"description\":\"Anecoop, la primera empresa hortofrut\u00edcola del mediterr\u00e1neo\",\"publisher\":{\"@id\":\"https:\\\/\\\/anecoop.com\\\/en\\\/#organization\"},\"potentialAction\":[{\"@type\":\"SearchAction\",\"target\":{\"@type\":\"EntryPoint\",\"urlTemplate\":\"https:\\\/\\\/anecoop.com\\\/en\\\/?s={search_term_string}\"},\"query-input\":{\"@type\":\"PropertyValueSpecification\",\"valueRequired\":true,\"valueName\":\"search_term_string\"}}],\"inLanguage\":\"en-US\"},{\"@type\":\"Organization\",\"@id\":\"https:\\\/\\\/anecoop.com\\\/en\\\/#organization\",\"name\":\"Anecoop\",\"url\":\"https:\\\/\\\/anecoop.com\\\/en\\\/\",\"logo\":{\"@type\":\"ImageObject\",\"inLanguage\":\"en-US\",\"@id\":\"https:\\\/\\\/anecoop.com\\\/en\\\/#\\\/schema\\\/logo\\\/image\\\/\",\"url\":\"https:\\\/\\\/anecoop.com\\\/wp-content\\\/uploads\\\/2026\\\/03\\\/HOME-LOGO-DORADO-CENTRAL.webp\",\"contentUrl\":\"https:\\\/\\\/anecoop.com\\\/wp-content\\\/uploads\\\/2026\\\/03\\\/HOME-LOGO-DORADO-CENTRAL.webp\",\"width\":342,\"height\":304,\"caption\":\"Anecoop\"},\"image\":{\"@id\":\"https:\\\/\\\/anecoop.com\\\/en\\\/#\\\/schema\\\/logo\\\/image\\\/\"}},{\"@type\":\"Person\",\"@id\":\"https:\\\/\\\/anecoop.com\\\/en\\\/#\\\/schema\\\/person\\\/7b64504b75e9c1cbae3e67d3bd18dd2f\",\"name\":\"Anecoop\",\"image\":{\"@type\":\"ImageObject\",\"inLanguage\":\"en-US\",\"@id\":\"https:\\\/\\\/secure.gravatar.com\\\/avatar\\\/eb8b27e356d3618b05b67e6e501be73ba11be250334baf9d5254875b60abe619?s=96&d=mm&r=g\",\"url\":\"https:\\\/\\\/secure.gravatar.com\\\/avatar\\\/eb8b27e356d3618b05b67e6e501be73ba11be250334baf9d5254875b60abe619?s=96&d=mm&r=g\",\"contentUrl\":\"https:\\\/\\\/secure.gravatar.com\\\/avatar\\\/eb8b27e356d3618b05b67e6e501be73ba11be250334baf9d5254875b60abe619?s=96&d=mm&r=g\",\"caption\":\"Anecoop\"}}]}<\/script>\n<!-- \/ Yoast SEO plugin. -->","yoast_head_json":{"title":"Coprohn\u00edjar reconoce la labor de Anecoop en sus XXVI Jornadas T\u00e9cnicas - Anecoop","robots":{"index":"index","follow":"follow","max-snippet":"max-snippet:-1","max-image-preview":"max-image-preview:large","max-video-preview":"max-video-preview:-1"},"canonical":"https:\/\/anecoop.com\/en\/sala-de-prensa\/coprohnijar-reconoce-la-labor-de-anecoop-en-sus-xxvi-jornadas-tecnicas\/","og_locale":"en_US","og_type":"article","og_title":"Coprohn\u00edjar reconoce la labor de Anecoop en sus XXVI Jornadas T\u00e9cnicas - Anecoop","og_description":"El pasado domingo 27 de septiembre la cooperativa socia de Anecoop, Coprohn\u00edjar, celebr\u00f3 la 26\u00aa edici\u00f3n de sus Jornadas Cooperativas","og_url":"https:\/\/anecoop.com\/en\/sala-de-prensa\/coprohnijar-reconoce-la-labor-de-anecoop-en-sus-xxvi-jornadas-tecnicas\/","og_site_name":"Anecoop","article_published_time":"2015-10-01T13:46:45+00:00","article_modified_time":"2025-09-03T16:01:27+00:00","og_image":[{"width":638,"height":416,"url":"https:\/\/anecoop.com\/wp-content\/uploads\/2025\/09\/Grupo-1-1.jpg","type":"image\/jpeg"}],"author":"Anecoop","twitter_card":"summary_large_image","twitter_misc":{"Written by":"Anecoop","Est. reading time":"2 minutes"},"schema":{"@context":"https:\/\/schema.org","@graph":[{"@type":"Article","@id":"https:\/\/anecoop.com\/en\/sala-de-prensa\/coprohnijar-reconoce-la-labor-de-anecoop-en-sus-xxvi-jornadas-tecnicas\/#article","isPartOf":{"@id":"https:\/\/anecoop.com\/en\/sala-de-prensa\/coprohnijar-reconoce-la-labor-de-anecoop-en-sus-xxvi-jornadas-tecnicas\/"},"author":{"name":"Anecoop","@id":"https:\/\/anecoop.com\/en\/#\/schema\/person\/7b64504b75e9c1cbae3e67d3bd18dd2f"},"headline":"Coprohn\u00edjar reconoce la labor de Anecoop en sus XXVI Jornadas T\u00e9cnicas","datePublished":"2015-10-01T13:46:45+00:00","dateModified":"2025-09-03T16:01:27+00:00","mainEntityOfPage":{"@id":"https:\/\/anecoop.com\/en\/sala-de-prensa\/coprohnijar-reconoce-la-labor-de-anecoop-en-sus-xxvi-jornadas-tecnicas\/"},"wordCount":322,"commentCount":0,"publisher":{"@id":"https:\/\/anecoop.com\/en\/#organization"},"image":{"@id":"https:\/\/anecoop.com\/en\/sala-de-prensa\/coprohnijar-reconoce-la-labor-de-anecoop-en-sus-xxvi-jornadas-tecnicas\/#primaryimage"},"thumbnailUrl":"https:\/\/anecoop.com\/wp-content\/uploads\/2025\/09\/Grupo-1-1.jpg","articleSection":["Sin categor\u00eda"],"inLanguage":"en-US","potentialAction":[{"@type":"CommentAction","name":"Comment","target":["https:\/\/anecoop.com\/en\/sala-de-prensa\/coprohnijar-reconoce-la-labor-de-anecoop-en-sus-xxvi-jornadas-tecnicas\/#respond"]}]},{"@type":"WebPage","@id":"https:\/\/anecoop.com\/en\/sala-de-prensa\/coprohnijar-reconoce-la-labor-de-anecoop-en-sus-xxvi-jornadas-tecnicas\/","url":"https:\/\/anecoop.com\/en\/sala-de-prensa\/coprohnijar-reconoce-la-labor-de-anecoop-en-sus-xxvi-jornadas-tecnicas\/","name":"Coprohn\u00edjar reconoce la labor de Anecoop en sus XXVI Jornadas T\u00e9cnicas - Anecoop","isPartOf":{"@id":"https:\/\/anecoop.com\/en\/#website"},"primaryImageOfPage":{"@id":"https:\/\/anecoop.com\/en\/sala-de-prensa\/coprohnijar-reconoce-la-labor-de-anecoop-en-sus-xxvi-jornadas-tecnicas\/#primaryimage"},"image":{"@id":"https:\/\/anecoop.com\/en\/sala-de-prensa\/coprohnijar-reconoce-la-labor-de-anecoop-en-sus-xxvi-jornadas-tecnicas\/#primaryimage"},"thumbnailUrl":"https:\/\/anecoop.com\/wp-content\/uploads\/2025\/09\/Grupo-1-1.jpg","datePublished":"2015-10-01T13:46:45+00:00","dateModified":"2025-09-03T16:01:27+00:00","breadcrumb":{"@id":"https:\/\/anecoop.com\/en\/sala-de-prensa\/coprohnijar-reconoce-la-labor-de-anecoop-en-sus-xxvi-jornadas-tecnicas\/#breadcrumb"},"inLanguage":"en-US","potentialAction":[{"@type":"ReadAction","target":["https:\/\/anecoop.com\/en\/sala-de-prensa\/coprohnijar-reconoce-la-labor-de-anecoop-en-sus-xxvi-jornadas-tecnicas\/"]}]},{"@type":"ImageObject","inLanguage":"en-US","@id":"https:\/\/anecoop.com\/en\/sala-de-prensa\/coprohnijar-reconoce-la-labor-de-anecoop-en-sus-xxvi-jornadas-tecnicas\/#primaryimage","url":"https:\/\/anecoop.com\/wp-content\/uploads\/2025\/09\/Grupo-1-1.jpg","contentUrl":"https:\/\/anecoop.com\/wp-content\/uploads\/2025\/09\/Grupo-1-1.jpg","width":638,"height":416},{"@type":"BreadcrumbList","@id":"https:\/\/anecoop.com\/en\/sala-de-prensa\/coprohnijar-reconoce-la-labor-de-anecoop-en-sus-xxvi-jornadas-tecnicas\/#breadcrumb","itemListElement":[{"@type":"ListItem","position":1,"name":"Portada","item":"https:\/\/anecoop.com\/en\/"},{"@type":"ListItem","position":2,"name":"Coprohn\u00edjar reconoce la labor de Anecoop en sus XXVI Jornadas T\u00e9cnicas"}]},{"@type":"WebSite","@id":"https:\/\/anecoop.com\/en\/#website","url":"https:\/\/anecoop.com\/en\/","name":"Anecoop","description":"Anecoop, la primera empresa hortofrut\u00edcola del mediterr\u00e1neo","publisher":{"@id":"https:\/\/anecoop.com\/en\/#organization"},"potentialAction":[{"@type":"SearchAction","target":{"@type":"EntryPoint","urlTemplate":"https:\/\/anecoop.com\/en\/?s={search_term_string}"},"query-input":{"@type":"PropertyValueSpecification","valueRequired":true,"valueName":"search_term_string"}}],"inLanguage":"en-US"},{"@type":"Organization","@id":"https:\/\/anecoop.com\/en\/#organization","name":"Anecoop","url":"https:\/\/anecoop.com\/en\/","logo":{"@type":"ImageObject","inLanguage":"en-US","@id":"https:\/\/anecoop.com\/en\/#\/schema\/logo\/image\/","url":"https:\/\/anecoop.com\/wp-content\/uploads\/2026\/03\/HOME-LOGO-DORADO-CENTRAL.webp","contentUrl":"https:\/\/anecoop.com\/wp-content\/uploads\/2026\/03\/HOME-LOGO-DORADO-CENTRAL.webp","width":342,"height":304,"caption":"Anecoop"},"image":{"@id":"https:\/\/anecoop.com\/en\/#\/schema\/logo\/image\/"}},{"@type":"Person","@id":"https:\/\/anecoop.com\/en\/#\/schema\/person\/7b64504b75e9c1cbae3e67d3bd18dd2f","name":"Anecoop","image":{"@type":"ImageObject","inLanguage":"en-US","@id":"https:\/\/secure.gravatar.com\/avatar\/eb8b27e356d3618b05b67e6e501be73ba11be250334baf9d5254875b60abe619?s=96&d=mm&r=g","url":"https:\/\/secure.gravatar.com\/avatar\/eb8b27e356d3618b05b67e6e501be73ba11be250334baf9d5254875b60abe619?s=96&d=mm&r=g","contentUrl":"https:\/\/secure.gravatar.com\/avatar\/eb8b27e356d3618b05b67e6e501be73ba11be250334baf9d5254875b60abe619?s=96&d=mm&r=g","caption":"Anecoop"}}]}},"_links":{"self":[{"href":"https:\/\/anecoop.com\/en\/wp-json\/wp\/v2\/posts\/2465","targetHints":{"allow":["GET"]}}],"collection":[{"href":"https:\/\/anecoop.com\/en\/wp-json\/wp\/v2\/posts"}],"about":[{"href":"https:\/\/anecoop.com\/en\/wp-json\/wp\/v2\/types\/post"}],"author":[{"embeddable":true,"href":"https:\/\/anecoop.com\/en\/wp-json\/wp\/v2\/users\/4"}],"replies":[{"embeddable":true,"href":"https:\/\/anecoop.com\/en\/wp-json\/wp\/v2\/comments?post=2465"}],"version-history":[{"count":0,"href":"https:\/\/anecoop.com\/en\/wp-json\/wp\/v2\/posts\/2465\/revisions"}],"wp:featuredmedia":[{"embeddable":true,"href":"https:\/\/anecoop.com\/en\/wp-json\/wp\/v2\/media\/1358"}],"wp:attachment":[{"href":"https:\/\/anecoop.com\/en\/wp-json\/wp\/v2\/media?parent=2465"}],"wp:term":[{"taxonomy":"category","embeddable":true,"href":"https:\/\/anecoop.com\/en\/wp-json\/wp\/v2\/categories?post=2465"},{"taxonomy":"post_tag","embeddable":true,"href":"https:\/\/anecoop.com\/en\/wp-json\/wp\/v2\/tags?post=2465"}],"curies":[{"name":"wp","href":"https:\/\/api.w.org\/{rel}","templated":true}]}}