{"id":2470,"date":"2016-06-27T11:48:59","date_gmt":"2016-06-27T09:48:59","guid":{"rendered":"https:\/\/anecoop.com\/anecoop-y-sus-socios-se-reunen-para-afianzar-lazos\/"},"modified":"2025-09-04T08:11:45","modified_gmt":"2025-09-04T06:11:45","slug":"anecoop-y-sus-socios-se-reunen-para-afianzar-lazos","status":"publish","type":"post","link":"https:\/\/anecoop.com\/en\/sala-de-prensa\/anecoop-y-sus-socios-se-reunen-para-afianzar-lazos\/","title":{"rendered":"Anecoop y sus socios se re\u00fanen para afianzar lazos"},"content":{"rendered":"<figure id=\"attachment_6296\" aria-describedby=\"caption-attachment-6296\" style=\"width: 300px\" class=\"wp-caption alignright\"><a href=\"http:\/\/anecoop.com\/wp-content\/uploads\/2016\/06\/IMG_4278.jpg\"><img loading=\"lazy\" decoding=\"async\" class=\"size-medium wp-image-6296\" src=\"https:\/\/anecoop.com\/wp-content\/uploads\/2025\/09\/IMG_4278-300x225.jpg\" alt=\"Asamblea en Agroiris (Almer\u00eda)\" width=\"300\" height=\"225\" \/><\/a><figcaption id=\"caption-attachment-6296\" class=\"wp-caption-text\">Asamblea en Agroiris (Almer\u00eda)<\/figcaption><\/figure>\n<figure id=\"attachment_6297\" aria-describedby=\"caption-attachment-6297\" style=\"width: 300px\" class=\"wp-caption alignright\"><a href=\"http:\/\/anecoop.com\/wp-content\/uploads\/2016\/06\/image10.jpeg\"><img loading=\"lazy\" decoding=\"async\" class=\"size-medium wp-image-6297\" src=\"https:\/\/anecoop.com\/wp-content\/uploads\/2025\/09\/image10-300x225.jpeg\" alt=\"Asamblea en Alimer (Murcia)\" width=\"300\" height=\"225\" \/><\/a><figcaption id=\"caption-attachment-6297\" class=\"wp-caption-text\">Asamblea en Alimer (Murcia)<\/figcaption><\/figure>\n<figure id=\"attachment_6298\" aria-describedby=\"caption-attachment-6298\" style=\"width: 300px\" class=\"wp-caption alignright\"><a href=\"http:\/\/anecoop.com\/wp-content\/uploads\/2016\/06\/IMG_4272.jpg\"><img loading=\"lazy\" decoding=\"async\" class=\"size-medium wp-image-6298\" src=\"https:\/\/anecoop.com\/wp-content\/uploads\/2025\/09\/IMG_4272-300x300.jpg\" alt=\"Asamblea en Hortamar (Almer\u00eda)\" width=\"300\" height=\"300\" \/><\/a><figcaption id=\"caption-attachment-6298\" class=\"wp-caption-text\">Asamblea en Hortamar (Almer\u00eda)<\/figcaption><\/figure>\n<figure id=\"attachment_6299\" aria-describedby=\"caption-attachment-6299\" style=\"width: 300px\" class=\"wp-caption alignright\"><a href=\"http:\/\/anecoop.com\/wp-content\/uploads\/2016\/06\/IMG_4245.jpg\"><img loading=\"lazy\" decoding=\"async\" class=\"size-medium wp-image-6299\" src=\"https:\/\/anecoop.com\/wp-content\/uploads\/2025\/09\/IMG_4245-300x225.jpg\" alt=\"Asamblea en Cooperativa del Camp de Llutxent (Valencia)\" width=\"300\" height=\"225\" \/><\/a><figcaption id=\"caption-attachment-6299\" class=\"wp-caption-text\">Asamblea en Cooperativa del Camp de Llutxent (Valencia)<\/figcaption><\/figure>\n<p>Con motivo de su 40 aniversario, Anecoop inici\u00f3 el pasado 31 de mayo\u00a0un ciclo de asambleas en sus cooperativas socias con el objetivo de hablar de t\u00fa a t\u00fa con los socios cooperativistas y dar a conocer sus proyectos de futuro.<\/p>\n<p>Dentro del programa de reuniones del mes de junio ya se han celebrado doce asambleas \u00a0en once cooperativas: <strong>Real Export<\/strong> (Vila-Real,Castell\u00f3n), <strong>Alimer<\/strong> (Cieza y Lorca, Murcia), <strong>C.A.N.S.O.<\/strong> (L&#8217;Alc\u00fadia, Valencia), <strong>Cobatur<\/strong> (Bugarra, Valencia), <strong>Cooperativa del Camp de Llutxent<\/strong> (Llutxent, Valencia),\u00a0<strong>Coprohn\u00edjar<\/strong> (San Isidro de N\u00edjar, Almer\u00eda), <strong>Hortamar<\/strong> (Roquetas de Mar, Almer\u00eda), <strong>Agroiris<\/strong> (El Ejido, Almer\u00eda), <strong>Benihort<\/strong> (Benicarl\u00f3, Castell\u00f3n),<strong>Uni\u00f3n Cristiana<\/strong> (Sueca, Valencia), y <strong>San Pedro Ap\u00f3stol<\/strong> (Godelleta, Valencia). En esta \u00faltima semana de junio est\u00e1 previsto realizar cuatro asambleas m\u00e1s y ya se est\u00e1 trabajando tanto en las que est\u00e1n programadas para julio y septiembre como en las que est\u00e1n por programar. En este sentido,\u00a0desde Anecoop destacan la implicaci\u00f3n activa de las cooperativas tanto en la organizaci\u00f3n de las reuniones como en su posterior difusi\u00f3n.<\/p>\n<p>El n\u00famero de socios que han participado en las asambleas celebradas hasta la fecha asciende a 2.200, una cifra muy satisfactoria tanto para Anecoop como para las propias cooperativas y que muestra la buena acogida que ha tenido esta iniciativa.<\/p>\n<p>&nbsp;<\/p>\n<p>&nbsp;<\/p>\n","protected":false},"excerpt":{"rendered":"<p>Con motivo de su 40 aniversario, Anecoop inici\u00f3 el pasado 31 de mayo\u00a0un ciclo de asambleas en sus cooperativas socias con el objetivo de hablar de t\u00fa a t\u00fa con los socios cooperativistas y dar a conocer sus proyectos de futuro. Dentro del programa de reuniones del mes de junio ya se han celebrado doce [&hellip;]<\/p>\n","protected":false},"author":4,"featured_media":1378,"comment_status":"closed","ping_status":"closed","sticky":false,"template":"","format":"standard","meta":{"_acf_changed":false,"footnotes":""},"categories":[1],"tags":[],"class_list":["post-2470","post","type-post","status-publish","format-standard","has-post-thumbnail","hentry","category-sin-categoria"],"acf":[],"yoast_head":"<!-- This site is optimized with the Yoast SEO plugin v27.3 - https:\/\/yoast.com\/product\/yoast-seo-wordpress\/ -->\n<title>Anecoop y sus socios se re\u00fanen para afianzar lazos - Anecoop<\/title>\n<meta name=\"robots\" content=\"index, follow, max-snippet:-1, max-image-preview:large, max-video-preview:-1\" \/>\n<link rel=\"canonical\" href=\"https:\/\/anecoop.com\/en\/sala-de-prensa\/anecoop-y-sus-socios-se-reunen-para-afianzar-lazos\/\" \/>\n<meta property=\"og:locale\" content=\"en_US\" \/>\n<meta property=\"og:type\" content=\"article\" \/>\n<meta property=\"og:title\" content=\"Anecoop y sus socios se re\u00fanen para afianzar lazos - Anecoop\" \/>\n<meta property=\"og:description\" content=\"Con motivo de su 40 aniversario, Anecoop inici\u00f3 el pasado 31 de mayo\u00a0un ciclo de asambleas en sus cooperativas socias con el objetivo de hablar de t\u00fa a t\u00fa con los socios cooperativistas y dar a conocer sus proyectos de futuro. Dentro del programa de reuniones del mes de junio ya se han celebrado doce [&hellip;]\" \/>\n<meta property=\"og:url\" content=\"https:\/\/anecoop.com\/en\/sala-de-prensa\/anecoop-y-sus-socios-se-reunen-para-afianzar-lazos\/\" \/>\n<meta property=\"og:site_name\" content=\"Anecoop\" \/>\n<meta property=\"article:published_time\" content=\"2016-06-27T09:48:59+00:00\" \/>\n<meta property=\"article:modified_time\" content=\"2025-09-04T06:11:45+00:00\" \/>\n<meta property=\"og:image\" content=\"https:\/\/anecoop.com\/wp-content\/uploads\/2025\/09\/20160615_203343-copia-1.jpg\" \/>\n\t<meta property=\"og:image:width\" content=\"2125\" \/>\n\t<meta property=\"og:image:height\" content=\"1195\" \/>\n\t<meta property=\"og:image:type\" content=\"image\/jpeg\" \/>\n<meta name=\"author\" content=\"Anecoop\" \/>\n<meta name=\"twitter:card\" content=\"summary_large_image\" \/>\n<meta name=\"twitter:label1\" content=\"Written by\" \/>\n\t<meta name=\"twitter:data1\" content=\"Anecoop\" \/>\n\t<meta name=\"twitter:label2\" content=\"Est. reading time\" \/>\n\t<meta name=\"twitter:data2\" content=\"1 minute\" \/>\n<script type=\"application\/ld+json\" class=\"yoast-schema-graph\">{\"@context\":\"https:\\\/\\\/schema.org\",\"@graph\":[{\"@type\":\"Article\",\"@id\":\"https:\\\/\\\/anecoop.com\\\/en\\\/sala-de-prensa\\\/anecoop-y-sus-socios-se-reunen-para-afianzar-lazos\\\/#article\",\"isPartOf\":{\"@id\":\"https:\\\/\\\/anecoop.com\\\/en\\\/sala-de-prensa\\\/anecoop-y-sus-socios-se-reunen-para-afianzar-lazos\\\/\"},\"author\":{\"name\":\"Anecoop\",\"@id\":\"https:\\\/\\\/anecoop.com\\\/en\\\/#\\\/schema\\\/person\\\/7b64504b75e9c1cbae3e67d3bd18dd2f\"},\"headline\":\"Anecoop y sus socios se re\u00fanen para afianzar lazos\",\"datePublished\":\"2016-06-27T09:48:59+00:00\",\"dateModified\":\"2025-09-04T06:11:45+00:00\",\"mainEntityOfPage\":{\"@id\":\"https:\\\/\\\/anecoop.com\\\/en\\\/sala-de-prensa\\\/anecoop-y-sus-socios-se-reunen-para-afianzar-lazos\\\/\"},\"wordCount\":289,\"publisher\":{\"@id\":\"https:\\\/\\\/anecoop.com\\\/en\\\/#organization\"},\"image\":{\"@id\":\"https:\\\/\\\/anecoop.com\\\/en\\\/sala-de-prensa\\\/anecoop-y-sus-socios-se-reunen-para-afianzar-lazos\\\/#primaryimage\"},\"thumbnailUrl\":\"https:\\\/\\\/anecoop.com\\\/wp-content\\\/uploads\\\/2025\\\/09\\\/20160615_203343-copia-1.jpg\",\"articleSection\":[\"Sin categor\u00eda\"],\"inLanguage\":\"en-US\"},{\"@type\":\"WebPage\",\"@id\":\"https:\\\/\\\/anecoop.com\\\/en\\\/sala-de-prensa\\\/anecoop-y-sus-socios-se-reunen-para-afianzar-lazos\\\/\",\"url\":\"https:\\\/\\\/anecoop.com\\\/en\\\/sala-de-prensa\\\/anecoop-y-sus-socios-se-reunen-para-afianzar-lazos\\\/\",\"name\":\"Anecoop y sus socios se re\u00fanen para afianzar lazos - Anecoop\",\"isPartOf\":{\"@id\":\"https:\\\/\\\/anecoop.com\\\/en\\\/#website\"},\"primaryImageOfPage\":{\"@id\":\"https:\\\/\\\/anecoop.com\\\/en\\\/sala-de-prensa\\\/anecoop-y-sus-socios-se-reunen-para-afianzar-lazos\\\/#primaryimage\"},\"image\":{\"@id\":\"https:\\\/\\\/anecoop.com\\\/en\\\/sala-de-prensa\\\/anecoop-y-sus-socios-se-reunen-para-afianzar-lazos\\\/#primaryimage\"},\"thumbnailUrl\":\"https:\\\/\\\/anecoop.com\\\/wp-content\\\/uploads\\\/2025\\\/09\\\/20160615_203343-copia-1.jpg\",\"datePublished\":\"2016-06-27T09:48:59+00:00\",\"dateModified\":\"2025-09-04T06:11:45+00:00\",\"breadcrumb\":{\"@id\":\"https:\\\/\\\/anecoop.com\\\/en\\\/sala-de-prensa\\\/anecoop-y-sus-socios-se-reunen-para-afianzar-lazos\\\/#breadcrumb\"},\"inLanguage\":\"en-US\",\"potentialAction\":[{\"@type\":\"ReadAction\",\"target\":[\"https:\\\/\\\/anecoop.com\\\/en\\\/sala-de-prensa\\\/anecoop-y-sus-socios-se-reunen-para-afianzar-lazos\\\/\"]}]},{\"@type\":\"ImageObject\",\"inLanguage\":\"en-US\",\"@id\":\"https:\\\/\\\/anecoop.com\\\/en\\\/sala-de-prensa\\\/anecoop-y-sus-socios-se-reunen-para-afianzar-lazos\\\/#primaryimage\",\"url\":\"https:\\\/\\\/anecoop.com\\\/wp-content\\\/uploads\\\/2025\\\/09\\\/20160615_203343-copia-1.jpg\",\"contentUrl\":\"https:\\\/\\\/anecoop.com\\\/wp-content\\\/uploads\\\/2025\\\/09\\\/20160615_203343-copia-1.jpg\",\"width\":2125,\"height\":1195},{\"@type\":\"BreadcrumbList\",\"@id\":\"https:\\\/\\\/anecoop.com\\\/en\\\/sala-de-prensa\\\/anecoop-y-sus-socios-se-reunen-para-afianzar-lazos\\\/#breadcrumb\",\"itemListElement\":[{\"@type\":\"ListItem\",\"position\":1,\"name\":\"Portada\",\"item\":\"https:\\\/\\\/anecoop.com\\\/en\\\/\"},{\"@type\":\"ListItem\",\"position\":2,\"name\":\"Anecoop y sus socios se re\u00fanen para afianzar lazos\"}]},{\"@type\":\"WebSite\",\"@id\":\"https:\\\/\\\/anecoop.com\\\/en\\\/#website\",\"url\":\"https:\\\/\\\/anecoop.com\\\/en\\\/\",\"name\":\"Anecoop\",\"description\":\"Anecoop, la primera empresa hortofrut\u00edcola del mediterr\u00e1neo\",\"publisher\":{\"@id\":\"https:\\\/\\\/anecoop.com\\\/en\\\/#organization\"},\"potentialAction\":[{\"@type\":\"SearchAction\",\"target\":{\"@type\":\"EntryPoint\",\"urlTemplate\":\"https:\\\/\\\/anecoop.com\\\/en\\\/?s={search_term_string}\"},\"query-input\":{\"@type\":\"PropertyValueSpecification\",\"valueRequired\":true,\"valueName\":\"search_term_string\"}}],\"inLanguage\":\"en-US\"},{\"@type\":\"Organization\",\"@id\":\"https:\\\/\\\/anecoop.com\\\/en\\\/#organization\",\"name\":\"Anecoop\",\"url\":\"https:\\\/\\\/anecoop.com\\\/en\\\/\",\"logo\":{\"@type\":\"ImageObject\",\"inLanguage\":\"en-US\",\"@id\":\"https:\\\/\\\/anecoop.com\\\/en\\\/#\\\/schema\\\/logo\\\/image\\\/\",\"url\":\"https:\\\/\\\/anecoop.com\\\/wp-content\\\/uploads\\\/2026\\\/03\\\/HOME-LOGO-DORADO-CENTRAL.webp\",\"contentUrl\":\"https:\\\/\\\/anecoop.com\\\/wp-content\\\/uploads\\\/2026\\\/03\\\/HOME-LOGO-DORADO-CENTRAL.webp\",\"width\":342,\"height\":304,\"caption\":\"Anecoop\"},\"image\":{\"@id\":\"https:\\\/\\\/anecoop.com\\\/en\\\/#\\\/schema\\\/logo\\\/image\\\/\"}},{\"@type\":\"Person\",\"@id\":\"https:\\\/\\\/anecoop.com\\\/en\\\/#\\\/schema\\\/person\\\/7b64504b75e9c1cbae3e67d3bd18dd2f\",\"name\":\"Anecoop\",\"image\":{\"@type\":\"ImageObject\",\"inLanguage\":\"en-US\",\"@id\":\"https:\\\/\\\/secure.gravatar.com\\\/avatar\\\/eb8b27e356d3618b05b67e6e501be73ba11be250334baf9d5254875b60abe619?s=96&d=mm&r=g\",\"url\":\"https:\\\/\\\/secure.gravatar.com\\\/avatar\\\/eb8b27e356d3618b05b67e6e501be73ba11be250334baf9d5254875b60abe619?s=96&d=mm&r=g\",\"contentUrl\":\"https:\\\/\\\/secure.gravatar.com\\\/avatar\\\/eb8b27e356d3618b05b67e6e501be73ba11be250334baf9d5254875b60abe619?s=96&d=mm&r=g\",\"caption\":\"Anecoop\"}}]}<\/script>\n<!-- \/ Yoast SEO plugin. -->","yoast_head_json":{"title":"Anecoop y sus socios se re\u00fanen para afianzar lazos - Anecoop","robots":{"index":"index","follow":"follow","max-snippet":"max-snippet:-1","max-image-preview":"max-image-preview:large","max-video-preview":"max-video-preview:-1"},"canonical":"https:\/\/anecoop.com\/en\/sala-de-prensa\/anecoop-y-sus-socios-se-reunen-para-afianzar-lazos\/","og_locale":"en_US","og_type":"article","og_title":"Anecoop y sus socios se re\u00fanen para afianzar lazos - Anecoop","og_description":"Con motivo de su 40 aniversario, Anecoop inici\u00f3 el pasado 31 de mayo\u00a0un ciclo de asambleas en sus cooperativas socias con el objetivo de hablar de t\u00fa a t\u00fa con los socios cooperativistas y dar a conocer sus proyectos de futuro. Dentro del programa de reuniones del mes de junio ya se han celebrado doce [&hellip;]","og_url":"https:\/\/anecoop.com\/en\/sala-de-prensa\/anecoop-y-sus-socios-se-reunen-para-afianzar-lazos\/","og_site_name":"Anecoop","article_published_time":"2016-06-27T09:48:59+00:00","article_modified_time":"2025-09-04T06:11:45+00:00","og_image":[{"width":2125,"height":1195,"url":"https:\/\/anecoop.com\/wp-content\/uploads\/2025\/09\/20160615_203343-copia-1.jpg","type":"image\/jpeg"}],"author":"Anecoop","twitter_card":"summary_large_image","twitter_misc":{"Written by":"Anecoop","Est. reading time":"1 minute"},"schema":{"@context":"https:\/\/schema.org","@graph":[{"@type":"Article","@id":"https:\/\/anecoop.com\/en\/sala-de-prensa\/anecoop-y-sus-socios-se-reunen-para-afianzar-lazos\/#article","isPartOf":{"@id":"https:\/\/anecoop.com\/en\/sala-de-prensa\/anecoop-y-sus-socios-se-reunen-para-afianzar-lazos\/"},"author":{"name":"Anecoop","@id":"https:\/\/anecoop.com\/en\/#\/schema\/person\/7b64504b75e9c1cbae3e67d3bd18dd2f"},"headline":"Anecoop y sus socios se re\u00fanen para afianzar lazos","datePublished":"2016-06-27T09:48:59+00:00","dateModified":"2025-09-04T06:11:45+00:00","mainEntityOfPage":{"@id":"https:\/\/anecoop.com\/en\/sala-de-prensa\/anecoop-y-sus-socios-se-reunen-para-afianzar-lazos\/"},"wordCount":289,"publisher":{"@id":"https:\/\/anecoop.com\/en\/#organization"},"image":{"@id":"https:\/\/anecoop.com\/en\/sala-de-prensa\/anecoop-y-sus-socios-se-reunen-para-afianzar-lazos\/#primaryimage"},"thumbnailUrl":"https:\/\/anecoop.com\/wp-content\/uploads\/2025\/09\/20160615_203343-copia-1.jpg","articleSection":["Sin categor\u00eda"],"inLanguage":"en-US"},{"@type":"WebPage","@id":"https:\/\/anecoop.com\/en\/sala-de-prensa\/anecoop-y-sus-socios-se-reunen-para-afianzar-lazos\/","url":"https:\/\/anecoop.com\/en\/sala-de-prensa\/anecoop-y-sus-socios-se-reunen-para-afianzar-lazos\/","name":"Anecoop y sus socios se re\u00fanen para afianzar lazos - Anecoop","isPartOf":{"@id":"https:\/\/anecoop.com\/en\/#website"},"primaryImageOfPage":{"@id":"https:\/\/anecoop.com\/en\/sala-de-prensa\/anecoop-y-sus-socios-se-reunen-para-afianzar-lazos\/#primaryimage"},"image":{"@id":"https:\/\/anecoop.com\/en\/sala-de-prensa\/anecoop-y-sus-socios-se-reunen-para-afianzar-lazos\/#primaryimage"},"thumbnailUrl":"https:\/\/anecoop.com\/wp-content\/uploads\/2025\/09\/20160615_203343-copia-1.jpg","datePublished":"2016-06-27T09:48:59+00:00","dateModified":"2025-09-04T06:11:45+00:00","breadcrumb":{"@id":"https:\/\/anecoop.com\/en\/sala-de-prensa\/anecoop-y-sus-socios-se-reunen-para-afianzar-lazos\/#breadcrumb"},"inLanguage":"en-US","potentialAction":[{"@type":"ReadAction","target":["https:\/\/anecoop.com\/en\/sala-de-prensa\/anecoop-y-sus-socios-se-reunen-para-afianzar-lazos\/"]}]},{"@type":"ImageObject","inLanguage":"en-US","@id":"https:\/\/anecoop.com\/en\/sala-de-prensa\/anecoop-y-sus-socios-se-reunen-para-afianzar-lazos\/#primaryimage","url":"https:\/\/anecoop.com\/wp-content\/uploads\/2025\/09\/20160615_203343-copia-1.jpg","contentUrl":"https:\/\/anecoop.com\/wp-content\/uploads\/2025\/09\/20160615_203343-copia-1.jpg","width":2125,"height":1195},{"@type":"BreadcrumbList","@id":"https:\/\/anecoop.com\/en\/sala-de-prensa\/anecoop-y-sus-socios-se-reunen-para-afianzar-lazos\/#breadcrumb","itemListElement":[{"@type":"ListItem","position":1,"name":"Portada","item":"https:\/\/anecoop.com\/en\/"},{"@type":"ListItem","position":2,"name":"Anecoop y sus socios se re\u00fanen para afianzar lazos"}]},{"@type":"WebSite","@id":"https:\/\/anecoop.com\/en\/#website","url":"https:\/\/anecoop.com\/en\/","name":"Anecoop","description":"Anecoop, la primera empresa hortofrut\u00edcola del mediterr\u00e1neo","publisher":{"@id":"https:\/\/anecoop.com\/en\/#organization"},"potentialAction":[{"@type":"SearchAction","target":{"@type":"EntryPoint","urlTemplate":"https:\/\/anecoop.com\/en\/?s={search_term_string}"},"query-input":{"@type":"PropertyValueSpecification","valueRequired":true,"valueName":"search_term_string"}}],"inLanguage":"en-US"},{"@type":"Organization","@id":"https:\/\/anecoop.com\/en\/#organization","name":"Anecoop","url":"https:\/\/anecoop.com\/en\/","logo":{"@type":"ImageObject","inLanguage":"en-US","@id":"https:\/\/anecoop.com\/en\/#\/schema\/logo\/image\/","url":"https:\/\/anecoop.com\/wp-content\/uploads\/2026\/03\/HOME-LOGO-DORADO-CENTRAL.webp","contentUrl":"https:\/\/anecoop.com\/wp-content\/uploads\/2026\/03\/HOME-LOGO-DORADO-CENTRAL.webp","width":342,"height":304,"caption":"Anecoop"},"image":{"@id":"https:\/\/anecoop.com\/en\/#\/schema\/logo\/image\/"}},{"@type":"Person","@id":"https:\/\/anecoop.com\/en\/#\/schema\/person\/7b64504b75e9c1cbae3e67d3bd18dd2f","name":"Anecoop","image":{"@type":"ImageObject","inLanguage":"en-US","@id":"https:\/\/secure.gravatar.com\/avatar\/eb8b27e356d3618b05b67e6e501be73ba11be250334baf9d5254875b60abe619?s=96&d=mm&r=g","url":"https:\/\/secure.gravatar.com\/avatar\/eb8b27e356d3618b05b67e6e501be73ba11be250334baf9d5254875b60abe619?s=96&d=mm&r=g","contentUrl":"https:\/\/secure.gravatar.com\/avatar\/eb8b27e356d3618b05b67e6e501be73ba11be250334baf9d5254875b60abe619?s=96&d=mm&r=g","caption":"Anecoop"}}]}},"_links":{"self":[{"href":"https:\/\/anecoop.com\/en\/wp-json\/wp\/v2\/posts\/2470","targetHints":{"allow":["GET"]}}],"collection":[{"href":"https:\/\/anecoop.com\/en\/wp-json\/wp\/v2\/posts"}],"about":[{"href":"https:\/\/anecoop.com\/en\/wp-json\/wp\/v2\/types\/post"}],"author":[{"embeddable":true,"href":"https:\/\/anecoop.com\/en\/wp-json\/wp\/v2\/users\/4"}],"replies":[{"embeddable":true,"href":"https:\/\/anecoop.com\/en\/wp-json\/wp\/v2\/comments?post=2470"}],"version-history":[{"count":0,"href":"https:\/\/anecoop.com\/en\/wp-json\/wp\/v2\/posts\/2470\/revisions"}],"wp:featuredmedia":[{"embeddable":true,"href":"https:\/\/anecoop.com\/en\/wp-json\/wp\/v2\/media\/1378"}],"wp:attachment":[{"href":"https:\/\/anecoop.com\/en\/wp-json\/wp\/v2\/media?parent=2470"}],"wp:term":[{"taxonomy":"category","embeddable":true,"href":"https:\/\/anecoop.com\/en\/wp-json\/wp\/v2\/categories?post=2470"},{"taxonomy":"post_tag","embeddable":true,"href":"https:\/\/anecoop.com\/en\/wp-json\/wp\/v2\/tags?post=2470"}],"curies":[{"name":"wp","href":"https:\/\/api.w.org\/{rel}","templated":true}]}}