{"id":2558,"date":"2015-06-11T15:09:51","date_gmt":"2015-06-11T13:09:51","guid":{"rendered":"https:\/\/anecoop.com\/la-nueva-corporacion-municipal-de-museros-visita-la-fundacion-anecoop\/"},"modified":"2025-09-03T18:01:29","modified_gmt":"2025-09-03T16:01:29","slug":"la-nueva-corporacion-municipal-de-museros-visita-la-fundacion-anecoop","status":"publish","type":"post","link":"https:\/\/anecoop.com\/fr\/sala-de-prensa\/la-nueva-corporacion-municipal-de-museros-visita-la-fundacion-anecoop\/","title":{"rendered":"La nueva  Corporaci\u00f3n Municipal de Museros visita la Fundaci\u00f3n Anecoop"},"content":{"rendered":"<h2 style=\"text-align: left;\">LA NUEVA CORPORACI\u00d3N MUNICIPAL DE MUSEROS VISITA LA FUNDACI\u00d3N ANECOOP<\/h2>\n<p style=\"text-align: justify;\"><strong>06\/11\/2015.-<\/strong> La nueva Corporaci\u00f3n Municipal del Ayuntamiento de Museros visit\u00f3 ayer 5 de noviembre por la ma\u00f1ana el campo de experiencias de la Fundaci\u00f3n Anecoop en la localidad, centro de trabajo del departamento de Producci\u00f3n y Desarrollo de Anecoop y del laboratorio de an\u00e1lisis multi-residuos de su departamento de Calidad y Sistemas.<\/p>\n<p style=\"text-align: justify;\">La visita se dividi\u00f3 en dos partes: una primera sesi\u00f3n informativa en la que se explic\u00f3 a los miembros de la Corporaci\u00f3n los datos m\u00e1s relevantes del Grupo Anecoop en cuanto a cifras, posicionamiento, objetivos, estructura y gama de productos, profundizando en el trabajo que se desarrolla en materia de investigaci\u00f3n e innovaci\u00f3n, y posteriormente una visita a la finca, que tiene cerca de 20 hect\u00e1reas, para que pudieran ver \u201cin situ\u201d los distintos proyectos.<\/p>\n<p style=\"text-align: justify;\">Se trata de un campo de ensayos destinado al desarrollo de los proyectos de I+D+iT que lleva a cabo el Grupo Anecoop. Adem\u00e1s de labores de investigaci\u00f3n en cuanto a nuevas variedades de c\u00edtricos, frutas y hortalizas o de distintas formas de cultivo, hay que destacar su papel como veh\u00edculo transmisor de informaci\u00f3n real a los agricultores de sus cooperativas socias.<\/p>\n","protected":false},"excerpt":{"rendered":"<p>LA NUEVA CORPORACI\u00d3N MUNICIPAL DE MUSEROS VISITA LA FUNDACI\u00d3N ANECOOP 06\/11\/2015.- La nueva Corporaci\u00f3n Municipal del Ayuntamiento de Museros visit\u00f3 ayer 5 de noviembre por la ma\u00f1ana el campo de experiencias de la Fundaci\u00f3n Anecoop en la localidad, centro de trabajo del departamento de Producci\u00f3n y Desarrollo de Anecoop y del laboratorio de an\u00e1lisis multi-residuos [&hellip;]<\/p>\n","protected":false},"author":4,"featured_media":1996,"comment_status":"open","ping_status":"closed","sticky":false,"template":"","format":"standard","meta":{"_acf_changed":false,"footnotes":""},"categories":[2],"tags":[],"class_list":["post-2558","post","type-post","status-publish","format-standard","has-post-thumbnail","hentry","category-non-categorise"],"acf":[],"yoast_head":"<!-- This site is optimized with the Yoast SEO plugin v27.3 - https:\/\/yoast.com\/product\/yoast-seo-wordpress\/ -->\n<title>La nueva Corporaci\u00f3n Municipal de Museros visita la Fundaci\u00f3n Anecoop - Anecoop<\/title>\n<meta name=\"robots\" content=\"index, follow, max-snippet:-1, max-image-preview:large, max-video-preview:-1\" \/>\n<link rel=\"canonical\" href=\"https:\/\/anecoop.com\/fr\/sala-de-prensa\/la-nueva-corporacion-municipal-de-museros-visita-la-fundacion-anecoop\/\" \/>\n<meta property=\"og:locale\" content=\"fr_FR\" \/>\n<meta property=\"og:type\" content=\"article\" \/>\n<meta property=\"og:title\" content=\"La nueva Corporaci\u00f3n Municipal de Museros visita la Fundaci\u00f3n Anecoop - Anecoop\" \/>\n<meta property=\"og:description\" content=\"LA NUEVA CORPORACI\u00d3N MUNICIPAL DE MUSEROS VISITA LA FUNDACI\u00d3N ANECOOP 06\/11\/2015.- La nueva Corporaci\u00f3n Municipal del Ayuntamiento de Museros visit\u00f3 ayer 5 de noviembre por la ma\u00f1ana el campo de experiencias de la Fundaci\u00f3n Anecoop en la localidad, centro de trabajo del departamento de Producci\u00f3n y Desarrollo de Anecoop y del laboratorio de an\u00e1lisis multi-residuos [&hellip;]\" \/>\n<meta property=\"og:url\" content=\"https:\/\/anecoop.com\/fr\/sala-de-prensa\/la-nueva-corporacion-municipal-de-museros-visita-la-fundacion-anecoop\/\" \/>\n<meta property=\"og:site_name\" content=\"Anecoop\" \/>\n<meta property=\"article:published_time\" content=\"2015-06-11T13:09:51+00:00\" \/>\n<meta property=\"article:modified_time\" content=\"2025-09-03T16:01:29+00:00\" \/>\n<meta property=\"og:image\" content=\"https:\/\/anecoop.com\/wp-content\/uploads\/2025\/09\/visita-corporacion-museros-1.jpg\" \/>\n\t<meta property=\"og:image:width\" content=\"766\" \/>\n\t<meta property=\"og:image:height\" content=\"530\" \/>\n\t<meta property=\"og:image:type\" content=\"image\/jpeg\" \/>\n<meta name=\"author\" content=\"Anecoop\" \/>\n<meta name=\"twitter:card\" content=\"summary_large_image\" \/>\n<meta name=\"twitter:label1\" content=\"Written by\" \/>\n\t<meta name=\"twitter:data1\" content=\"Anecoop\" \/>\n\t<meta name=\"twitter:label2\" content=\"Est. reading time\" \/>\n\t<meta name=\"twitter:data2\" content=\"1 minute\" \/>\n<script type=\"application\/ld+json\" class=\"yoast-schema-graph\">{\"@context\":\"https:\\\/\\\/schema.org\",\"@graph\":[{\"@type\":\"Article\",\"@id\":\"https:\\\/\\\/anecoop.com\\\/fr\\\/sala-de-prensa\\\/la-nueva-corporacion-municipal-de-museros-visita-la-fundacion-anecoop\\\/#article\",\"isPartOf\":{\"@id\":\"https:\\\/\\\/anecoop.com\\\/fr\\\/sala-de-prensa\\\/la-nueva-corporacion-municipal-de-museros-visita-la-fundacion-anecoop\\\/\"},\"author\":{\"name\":\"Anecoop\",\"@id\":\"https:\\\/\\\/anecoop.com\\\/fr\\\/#\\\/schema\\\/person\\\/7b64504b75e9c1cbae3e67d3bd18dd2f\"},\"headline\":\"La nueva Corporaci\u00f3n Municipal de Museros visita la Fundaci\u00f3n Anecoop\",\"datePublished\":\"2015-06-11T13:09:51+00:00\",\"dateModified\":\"2025-09-03T16:01:29+00:00\",\"mainEntityOfPage\":{\"@id\":\"https:\\\/\\\/anecoop.com\\\/fr\\\/sala-de-prensa\\\/la-nueva-corporacion-municipal-de-museros-visita-la-fundacion-anecoop\\\/\"},\"wordCount\":228,\"commentCount\":0,\"publisher\":{\"@id\":\"https:\\\/\\\/anecoop.com\\\/fr\\\/#organization\"},\"image\":{\"@id\":\"https:\\\/\\\/anecoop.com\\\/fr\\\/sala-de-prensa\\\/la-nueva-corporacion-municipal-de-museros-visita-la-fundacion-anecoop\\\/#primaryimage\"},\"thumbnailUrl\":\"https:\\\/\\\/anecoop.com\\\/wp-content\\\/uploads\\\/2025\\\/09\\\/visita-corporacion-museros-1.jpg\",\"articleSection\":[\"Non cat\u00e9goris\u00e9\"],\"inLanguage\":\"fr-FR\",\"potentialAction\":[{\"@type\":\"CommentAction\",\"name\":\"Comment\",\"target\":[\"https:\\\/\\\/anecoop.com\\\/fr\\\/sala-de-prensa\\\/la-nueva-corporacion-municipal-de-museros-visita-la-fundacion-anecoop\\\/#respond\"]}]},{\"@type\":\"WebPage\",\"@id\":\"https:\\\/\\\/anecoop.com\\\/fr\\\/sala-de-prensa\\\/la-nueva-corporacion-municipal-de-museros-visita-la-fundacion-anecoop\\\/\",\"url\":\"https:\\\/\\\/anecoop.com\\\/fr\\\/sala-de-prensa\\\/la-nueva-corporacion-municipal-de-museros-visita-la-fundacion-anecoop\\\/\",\"name\":\"La nueva Corporaci\u00f3n Municipal de Museros visita la Fundaci\u00f3n Anecoop - Anecoop\",\"isPartOf\":{\"@id\":\"https:\\\/\\\/anecoop.com\\\/fr\\\/#website\"},\"primaryImageOfPage\":{\"@id\":\"https:\\\/\\\/anecoop.com\\\/fr\\\/sala-de-prensa\\\/la-nueva-corporacion-municipal-de-museros-visita-la-fundacion-anecoop\\\/#primaryimage\"},\"image\":{\"@id\":\"https:\\\/\\\/anecoop.com\\\/fr\\\/sala-de-prensa\\\/la-nueva-corporacion-municipal-de-museros-visita-la-fundacion-anecoop\\\/#primaryimage\"},\"thumbnailUrl\":\"https:\\\/\\\/anecoop.com\\\/wp-content\\\/uploads\\\/2025\\\/09\\\/visita-corporacion-museros-1.jpg\",\"datePublished\":\"2015-06-11T13:09:51+00:00\",\"dateModified\":\"2025-09-03T16:01:29+00:00\",\"breadcrumb\":{\"@id\":\"https:\\\/\\\/anecoop.com\\\/fr\\\/sala-de-prensa\\\/la-nueva-corporacion-municipal-de-museros-visita-la-fundacion-anecoop\\\/#breadcrumb\"},\"inLanguage\":\"fr-FR\",\"potentialAction\":[{\"@type\":\"ReadAction\",\"target\":[\"https:\\\/\\\/anecoop.com\\\/fr\\\/sala-de-prensa\\\/la-nueva-corporacion-municipal-de-museros-visita-la-fundacion-anecoop\\\/\"]}]},{\"@type\":\"ImageObject\",\"inLanguage\":\"fr-FR\",\"@id\":\"https:\\\/\\\/anecoop.com\\\/fr\\\/sala-de-prensa\\\/la-nueva-corporacion-municipal-de-museros-visita-la-fundacion-anecoop\\\/#primaryimage\",\"url\":\"https:\\\/\\\/anecoop.com\\\/wp-content\\\/uploads\\\/2025\\\/09\\\/visita-corporacion-museros-1.jpg\",\"contentUrl\":\"https:\\\/\\\/anecoop.com\\\/wp-content\\\/uploads\\\/2025\\\/09\\\/visita-corporacion-museros-1.jpg\",\"width\":766,\"height\":530},{\"@type\":\"BreadcrumbList\",\"@id\":\"https:\\\/\\\/anecoop.com\\\/fr\\\/sala-de-prensa\\\/la-nueva-corporacion-municipal-de-museros-visita-la-fundacion-anecoop\\\/#breadcrumb\",\"itemListElement\":[{\"@type\":\"ListItem\",\"position\":1,\"name\":\"Portada\",\"item\":\"https:\\\/\\\/anecoop.com\\\/fr\\\/\"},{\"@type\":\"ListItem\",\"position\":2,\"name\":\"La nueva Corporaci\u00f3n Municipal de Museros visita la Fundaci\u00f3n Anecoop\"}]},{\"@type\":\"WebSite\",\"@id\":\"https:\\\/\\\/anecoop.com\\\/fr\\\/#website\",\"url\":\"https:\\\/\\\/anecoop.com\\\/fr\\\/\",\"name\":\"Anecoop\",\"description\":\"Anecoop, la primera empresa hortofrut\u00edcola del mediterr\u00e1neo\",\"publisher\":{\"@id\":\"https:\\\/\\\/anecoop.com\\\/fr\\\/#organization\"},\"potentialAction\":[{\"@type\":\"SearchAction\",\"target\":{\"@type\":\"EntryPoint\",\"urlTemplate\":\"https:\\\/\\\/anecoop.com\\\/fr\\\/?s={search_term_string}\"},\"query-input\":{\"@type\":\"PropertyValueSpecification\",\"valueRequired\":true,\"valueName\":\"search_term_string\"}}],\"inLanguage\":\"fr-FR\"},{\"@type\":\"Organization\",\"@id\":\"https:\\\/\\\/anecoop.com\\\/fr\\\/#organization\",\"name\":\"Anecoop\",\"url\":\"https:\\\/\\\/anecoop.com\\\/fr\\\/\",\"logo\":{\"@type\":\"ImageObject\",\"inLanguage\":\"fr-FR\",\"@id\":\"https:\\\/\\\/anecoop.com\\\/fr\\\/#\\\/schema\\\/logo\\\/image\\\/\",\"url\":\"https:\\\/\\\/anecoop.com\\\/wp-content\\\/uploads\\\/2026\\\/03\\\/HOME-LOGO-DORADO-CENTRAL.webp\",\"contentUrl\":\"https:\\\/\\\/anecoop.com\\\/wp-content\\\/uploads\\\/2026\\\/03\\\/HOME-LOGO-DORADO-CENTRAL.webp\",\"width\":342,\"height\":304,\"caption\":\"Anecoop\"},\"image\":{\"@id\":\"https:\\\/\\\/anecoop.com\\\/fr\\\/#\\\/schema\\\/logo\\\/image\\\/\"}},{\"@type\":\"Person\",\"@id\":\"https:\\\/\\\/anecoop.com\\\/fr\\\/#\\\/schema\\\/person\\\/7b64504b75e9c1cbae3e67d3bd18dd2f\",\"name\":\"Anecoop\",\"image\":{\"@type\":\"ImageObject\",\"inLanguage\":\"fr-FR\",\"@id\":\"https:\\\/\\\/secure.gravatar.com\\\/avatar\\\/eb8b27e356d3618b05b67e6e501be73ba11be250334baf9d5254875b60abe619?s=96&d=mm&r=g\",\"url\":\"https:\\\/\\\/secure.gravatar.com\\\/avatar\\\/eb8b27e356d3618b05b67e6e501be73ba11be250334baf9d5254875b60abe619?s=96&d=mm&r=g\",\"contentUrl\":\"https:\\\/\\\/secure.gravatar.com\\\/avatar\\\/eb8b27e356d3618b05b67e6e501be73ba11be250334baf9d5254875b60abe619?s=96&d=mm&r=g\",\"caption\":\"Anecoop\"}}]}<\/script>\n<!-- \/ Yoast SEO plugin. -->","yoast_head_json":{"title":"La nueva Corporaci\u00f3n Municipal de Museros visita la Fundaci\u00f3n Anecoop - Anecoop","robots":{"index":"index","follow":"follow","max-snippet":"max-snippet:-1","max-image-preview":"max-image-preview:large","max-video-preview":"max-video-preview:-1"},"canonical":"https:\/\/anecoop.com\/fr\/sala-de-prensa\/la-nueva-corporacion-municipal-de-museros-visita-la-fundacion-anecoop\/","og_locale":"fr_FR","og_type":"article","og_title":"La nueva Corporaci\u00f3n Municipal de Museros visita la Fundaci\u00f3n Anecoop - Anecoop","og_description":"LA NUEVA CORPORACI\u00d3N MUNICIPAL DE MUSEROS VISITA LA FUNDACI\u00d3N ANECOOP 06\/11\/2015.- La nueva Corporaci\u00f3n Municipal del Ayuntamiento de Museros visit\u00f3 ayer 5 de noviembre por la ma\u00f1ana el campo de experiencias de la Fundaci\u00f3n Anecoop en la localidad, centro de trabajo del departamento de Producci\u00f3n y Desarrollo de Anecoop y del laboratorio de an\u00e1lisis multi-residuos [&hellip;]","og_url":"https:\/\/anecoop.com\/fr\/sala-de-prensa\/la-nueva-corporacion-municipal-de-museros-visita-la-fundacion-anecoop\/","og_site_name":"Anecoop","article_published_time":"2015-06-11T13:09:51+00:00","article_modified_time":"2025-09-03T16:01:29+00:00","og_image":[{"width":766,"height":530,"url":"https:\/\/anecoop.com\/wp-content\/uploads\/2025\/09\/visita-corporacion-museros-1.jpg","type":"image\/jpeg"}],"author":"Anecoop","twitter_card":"summary_large_image","twitter_misc":{"Written by":"Anecoop","Est. reading time":"1 minute"},"schema":{"@context":"https:\/\/schema.org","@graph":[{"@type":"Article","@id":"https:\/\/anecoop.com\/fr\/sala-de-prensa\/la-nueva-corporacion-municipal-de-museros-visita-la-fundacion-anecoop\/#article","isPartOf":{"@id":"https:\/\/anecoop.com\/fr\/sala-de-prensa\/la-nueva-corporacion-municipal-de-museros-visita-la-fundacion-anecoop\/"},"author":{"name":"Anecoop","@id":"https:\/\/anecoop.com\/fr\/#\/schema\/person\/7b64504b75e9c1cbae3e67d3bd18dd2f"},"headline":"La nueva Corporaci\u00f3n Municipal de Museros visita la Fundaci\u00f3n Anecoop","datePublished":"2015-06-11T13:09:51+00:00","dateModified":"2025-09-03T16:01:29+00:00","mainEntityOfPage":{"@id":"https:\/\/anecoop.com\/fr\/sala-de-prensa\/la-nueva-corporacion-municipal-de-museros-visita-la-fundacion-anecoop\/"},"wordCount":228,"commentCount":0,"publisher":{"@id":"https:\/\/anecoop.com\/fr\/#organization"},"image":{"@id":"https:\/\/anecoop.com\/fr\/sala-de-prensa\/la-nueva-corporacion-municipal-de-museros-visita-la-fundacion-anecoop\/#primaryimage"},"thumbnailUrl":"https:\/\/anecoop.com\/wp-content\/uploads\/2025\/09\/visita-corporacion-museros-1.jpg","articleSection":["Non cat\u00e9goris\u00e9"],"inLanguage":"fr-FR","potentialAction":[{"@type":"CommentAction","name":"Comment","target":["https:\/\/anecoop.com\/fr\/sala-de-prensa\/la-nueva-corporacion-municipal-de-museros-visita-la-fundacion-anecoop\/#respond"]}]},{"@type":"WebPage","@id":"https:\/\/anecoop.com\/fr\/sala-de-prensa\/la-nueva-corporacion-municipal-de-museros-visita-la-fundacion-anecoop\/","url":"https:\/\/anecoop.com\/fr\/sala-de-prensa\/la-nueva-corporacion-municipal-de-museros-visita-la-fundacion-anecoop\/","name":"La nueva Corporaci\u00f3n Municipal de Museros visita la Fundaci\u00f3n Anecoop - Anecoop","isPartOf":{"@id":"https:\/\/anecoop.com\/fr\/#website"},"primaryImageOfPage":{"@id":"https:\/\/anecoop.com\/fr\/sala-de-prensa\/la-nueva-corporacion-municipal-de-museros-visita-la-fundacion-anecoop\/#primaryimage"},"image":{"@id":"https:\/\/anecoop.com\/fr\/sala-de-prensa\/la-nueva-corporacion-municipal-de-museros-visita-la-fundacion-anecoop\/#primaryimage"},"thumbnailUrl":"https:\/\/anecoop.com\/wp-content\/uploads\/2025\/09\/visita-corporacion-museros-1.jpg","datePublished":"2015-06-11T13:09:51+00:00","dateModified":"2025-09-03T16:01:29+00:00","breadcrumb":{"@id":"https:\/\/anecoop.com\/fr\/sala-de-prensa\/la-nueva-corporacion-municipal-de-museros-visita-la-fundacion-anecoop\/#breadcrumb"},"inLanguage":"fr-FR","potentialAction":[{"@type":"ReadAction","target":["https:\/\/anecoop.com\/fr\/sala-de-prensa\/la-nueva-corporacion-municipal-de-museros-visita-la-fundacion-anecoop\/"]}]},{"@type":"ImageObject","inLanguage":"fr-FR","@id":"https:\/\/anecoop.com\/fr\/sala-de-prensa\/la-nueva-corporacion-municipal-de-museros-visita-la-fundacion-anecoop\/#primaryimage","url":"https:\/\/anecoop.com\/wp-content\/uploads\/2025\/09\/visita-corporacion-museros-1.jpg","contentUrl":"https:\/\/anecoop.com\/wp-content\/uploads\/2025\/09\/visita-corporacion-museros-1.jpg","width":766,"height":530},{"@type":"BreadcrumbList","@id":"https:\/\/anecoop.com\/fr\/sala-de-prensa\/la-nueva-corporacion-municipal-de-museros-visita-la-fundacion-anecoop\/#breadcrumb","itemListElement":[{"@type":"ListItem","position":1,"name":"Portada","item":"https:\/\/anecoop.com\/fr\/"},{"@type":"ListItem","position":2,"name":"La nueva Corporaci\u00f3n Municipal de Museros visita la Fundaci\u00f3n Anecoop"}]},{"@type":"WebSite","@id":"https:\/\/anecoop.com\/fr\/#website","url":"https:\/\/anecoop.com\/fr\/","name":"Anecoop","description":"Anecoop, la primera empresa hortofrut\u00edcola del mediterr\u00e1neo","publisher":{"@id":"https:\/\/anecoop.com\/fr\/#organization"},"potentialAction":[{"@type":"SearchAction","target":{"@type":"EntryPoint","urlTemplate":"https:\/\/anecoop.com\/fr\/?s={search_term_string}"},"query-input":{"@type":"PropertyValueSpecification","valueRequired":true,"valueName":"search_term_string"}}],"inLanguage":"fr-FR"},{"@type":"Organization","@id":"https:\/\/anecoop.com\/fr\/#organization","name":"Anecoop","url":"https:\/\/anecoop.com\/fr\/","logo":{"@type":"ImageObject","inLanguage":"fr-FR","@id":"https:\/\/anecoop.com\/fr\/#\/schema\/logo\/image\/","url":"https:\/\/anecoop.com\/wp-content\/uploads\/2026\/03\/HOME-LOGO-DORADO-CENTRAL.webp","contentUrl":"https:\/\/anecoop.com\/wp-content\/uploads\/2026\/03\/HOME-LOGO-DORADO-CENTRAL.webp","width":342,"height":304,"caption":"Anecoop"},"image":{"@id":"https:\/\/anecoop.com\/fr\/#\/schema\/logo\/image\/"}},{"@type":"Person","@id":"https:\/\/anecoop.com\/fr\/#\/schema\/person\/7b64504b75e9c1cbae3e67d3bd18dd2f","name":"Anecoop","image":{"@type":"ImageObject","inLanguage":"fr-FR","@id":"https:\/\/secure.gravatar.com\/avatar\/eb8b27e356d3618b05b67e6e501be73ba11be250334baf9d5254875b60abe619?s=96&d=mm&r=g","url":"https:\/\/secure.gravatar.com\/avatar\/eb8b27e356d3618b05b67e6e501be73ba11be250334baf9d5254875b60abe619?s=96&d=mm&r=g","contentUrl":"https:\/\/secure.gravatar.com\/avatar\/eb8b27e356d3618b05b67e6e501be73ba11be250334baf9d5254875b60abe619?s=96&d=mm&r=g","caption":"Anecoop"}}]}},"_links":{"self":[{"href":"https:\/\/anecoop.com\/fr\/wp-json\/wp\/v2\/posts\/2558","targetHints":{"allow":["GET"]}}],"collection":[{"href":"https:\/\/anecoop.com\/fr\/wp-json\/wp\/v2\/posts"}],"about":[{"href":"https:\/\/anecoop.com\/fr\/wp-json\/wp\/v2\/types\/post"}],"author":[{"embeddable":true,"href":"https:\/\/anecoop.com\/fr\/wp-json\/wp\/v2\/users\/4"}],"replies":[{"embeddable":true,"href":"https:\/\/anecoop.com\/fr\/wp-json\/wp\/v2\/comments?post=2558"}],"version-history":[{"count":0,"href":"https:\/\/anecoop.com\/fr\/wp-json\/wp\/v2\/posts\/2558\/revisions"}],"wp:featuredmedia":[{"embeddable":true,"href":"https:\/\/anecoop.com\/fr\/wp-json\/wp\/v2\/media\/1996"}],"wp:attachment":[{"href":"https:\/\/anecoop.com\/fr\/wp-json\/wp\/v2\/media?parent=2558"}],"wp:term":[{"taxonomy":"category","embeddable":true,"href":"https:\/\/anecoop.com\/fr\/wp-json\/wp\/v2\/categories?post=2558"},{"taxonomy":"post_tag","embeddable":true,"href":"https:\/\/anecoop.com\/fr\/wp-json\/wp\/v2\/tags?post=2558"}],"curies":[{"name":"wp","href":"https:\/\/api.w.org\/{rel}","templated":true}]}}